{"id":2102,"date":"2015-05-03T12:22:35","date_gmt":"2015-05-03T12:22:35","guid":{"rendered":"http:\/\/milenacapuder.si\/?p=2102"},"modified":"2015-06-27T09:54:54","modified_gmt":"2015-06-27T09:54:54","slug":"planina-v-preobleki","status":"publish","type":"post","link":"http:\/\/milenacapuder.si\/?p=2102","title":{"rendered":"Planina v  preobleki"},"content":{"rendered":"<p style=\"text-align: center;\">Ne morem, da ne poka\u017eem kak\u0161na je planina \u00a0v polnem razcvetu podleskov. Fotografije so posnete kak\u0161no leto nazaj. Imeti mora\u0161 res sre\u010do, da ujame\u0161 toliko cvetja naenkrat.<\/p>\n<p style=\"text-align: center;\"><a href=\"http:\/\/milenacapuder.si\/wp-content\/uploads\/2015\/05\/IMG_4033-Small.jpg\"><img decoding=\"async\" loading=\"lazy\" class=\"aligncenter size-full wp-image-2103\" src=\"http:\/\/milenacapuder.si\/wp-content\/uploads\/2015\/05\/IMG_4033-Small.jpg\" alt=\"IMG_4033 (Small)\" width=\"720\" height=\"480\" srcset=\"http:\/\/milenacapuder.si\/wp-content\/uploads\/2015\/05\/IMG_4033-Small.jpg 720w, http:\/\/milenacapuder.si\/wp-content\/uploads\/2015\/05\/IMG_4033-Small-300x200.jpg 300w\" sizes=\"(max-width: 720px) 100vw, 720px\" \/><\/a><\/p>\n<p><a href=\"http:\/\/milenacapuder.si\/wp-content\/uploads\/2015\/05\/IMG_4034-Small.jpg\"><img decoding=\"async\" loading=\"lazy\" class=\"aligncenter size-large wp-image-2104\" src=\"http:\/\/milenacapuder.si\/wp-content\/uploads\/2015\/05\/IMG_4034-Small.jpg\" alt=\"IMG_4034 (Small)\" width=\"720\" height=\"480\" srcset=\"http:\/\/milenacapuder.si\/wp-content\/uploads\/2015\/05\/IMG_4034-Small.jpg 720w, http:\/\/milenacapuder.si\/wp-content\/uploads\/2015\/05\/IMG_4034-Small-300x200.jpg 300w\" sizes=\"(max-width: 720px) 100vw, 720px\" \/><\/a><\/p>\n<p style=\"text-align: center;\">Vsaki\u010d, ko pridem \u010dez rob, sem v pri\u010dakovanju te barve. Ampak sem ve\u010dkrat razo\u010darana. Podleski pa\u010d so, vendar ne v takem \u0161tevilu.<\/p>\n<p style=\"text-align: center;\"><a href=\"http:\/\/milenacapuder.si\/wp-content\/uploads\/2015\/05\/IMG_4041-Small.jpg\"><img decoding=\"async\" loading=\"lazy\" class=\"aligncenter size-large wp-image-2105\" src=\"http:\/\/milenacapuder.si\/wp-content\/uploads\/2015\/05\/IMG_4041-Small.jpg\" alt=\"IMG_4041 (Small)\" width=\"720\" height=\"480\" srcset=\"http:\/\/milenacapuder.si\/wp-content\/uploads\/2015\/05\/IMG_4041-Small.jpg 720w, http:\/\/milenacapuder.si\/wp-content\/uploads\/2015\/05\/IMG_4041-Small-300x200.jpg 300w\" sizes=\"(max-width: 720px) 100vw, 720px\" \/><\/a><\/p>\n<p><a href=\"http:\/\/milenacapuder.si\/wp-content\/uploads\/2015\/05\/IMG_4043-Small.jpg\"><img decoding=\"async\" loading=\"lazy\" class=\"aligncenter size-large wp-image-2106\" src=\"http:\/\/milenacapuder.si\/wp-content\/uploads\/2015\/05\/IMG_4043-Small.jpg\" alt=\"IMG_4043 (Small)\" width=\"720\" height=\"480\" srcset=\"http:\/\/milenacapuder.si\/wp-content\/uploads\/2015\/05\/IMG_4043-Small.jpg 720w, http:\/\/milenacapuder.si\/wp-content\/uploads\/2015\/05\/IMG_4043-Small-300x200.jpg 300w\" sizes=\"(max-width: 720px) 100vw, 720px\" \/><\/a><\/p>\n<p><a href=\"http:\/\/milenacapuder.si\/wp-content\/uploads\/2015\/05\/IMG_4046-Small.jpg\"><img decoding=\"async\" loading=\"lazy\" class=\"aligncenter size-large wp-image-2107\" src=\"http:\/\/milenacapuder.si\/wp-content\/uploads\/2015\/05\/IMG_4046-Small.jpg\" alt=\"IMG_4046 (Small)\" width=\"720\" height=\"480\" srcset=\"http:\/\/milenacapuder.si\/wp-content\/uploads\/2015\/05\/IMG_4046-Small.jpg 720w, http:\/\/milenacapuder.si\/wp-content\/uploads\/2015\/05\/IMG_4046-Small-300x200.jpg 300w\" sizes=\"(max-width: 720px) 100vw, 720px\" \/><\/a><\/p>\n<p><a href=\"http:\/\/milenacapuder.si\/wp-content\/uploads\/2015\/05\/IMG_4058-Small.jpg\"><img decoding=\"async\" loading=\"lazy\" class=\"aligncenter size-large wp-image-2108\" src=\"http:\/\/milenacapuder.si\/wp-content\/uploads\/2015\/05\/IMG_4058-Small.jpg\" alt=\"IMG_4058 (Small)\" width=\"720\" height=\"480\" srcset=\"http:\/\/milenacapuder.si\/wp-content\/uploads\/2015\/05\/IMG_4058-Small.jpg 720w, http:\/\/milenacapuder.si\/wp-content\/uploads\/2015\/05\/IMG_4058-Small-300x200.jpg 300w\" sizes=\"(max-width: 720px) 100vw, 720px\" \/><\/a><\/p>\n<p><a href=\"http:\/\/milenacapuder.si\/wp-content\/uploads\/2015\/05\/IMG_4079-Small.jpg\"><img decoding=\"async\" loading=\"lazy\" class=\"aligncenter size-large wp-image-2109\" src=\"http:\/\/milenacapuder.si\/wp-content\/uploads\/2015\/05\/IMG_4079-Small.jpg\" alt=\"IMG_4079 (Small)\" width=\"720\" height=\"480\" srcset=\"http:\/\/milenacapuder.si\/wp-content\/uploads\/2015\/05\/IMG_4079-Small.jpg 720w, http:\/\/milenacapuder.si\/wp-content\/uploads\/2015\/05\/IMG_4079-Small-300x200.jpg 300w\" sizes=\"(max-width: 720px) 100vw, 720px\" \/><\/a><\/p>\n<p><a href=\"http:\/\/milenacapuder.si\/wp-content\/uploads\/2015\/05\/IMG_4081-Small.jpg\"><img decoding=\"async\" loading=\"lazy\" class=\"aligncenter size-large wp-image-2110\" src=\"http:\/\/milenacapuder.si\/wp-content\/uploads\/2015\/05\/IMG_4081-Small.jpg\" alt=\"IMG_4081 (Small)\" width=\"720\" height=\"480\" srcset=\"http:\/\/milenacapuder.si\/wp-content\/uploads\/2015\/05\/IMG_4081-Small.jpg 720w, http:\/\/milenacapuder.si\/wp-content\/uploads\/2015\/05\/IMG_4081-Small-300x200.jpg 300w\" sizes=\"(max-width: 720px) 100vw, 720px\" \/><\/a><\/p>\n<p style=\"text-align: center;\">Planinska ko\u010da, kjer sem v mladosti z mamo in atom pasla krave. Lepi spomini na tiste dni. Ko bi se le lahko vsaj za trenutek vrnili v pretekle dni.<\/p>\n<p><a href=\"http:\/\/milenacapuder.si\/wp-content\/uploads\/2015\/05\/IMG_4084-Small.jpg\"><img decoding=\"async\" loading=\"lazy\" class=\"aligncenter size-large wp-image-2111\" src=\"http:\/\/milenacapuder.si\/wp-content\/uploads\/2015\/05\/IMG_4084-Small.jpg\" alt=\"IMG_4084 (Small)\" width=\"720\" height=\"480\" srcset=\"http:\/\/milenacapuder.si\/wp-content\/uploads\/2015\/05\/IMG_4084-Small.jpg 720w, http:\/\/milenacapuder.si\/wp-content\/uploads\/2015\/05\/IMG_4084-Small-300x200.jpg 300w\" sizes=\"(max-width: 720px) 100vw, 720px\" \/><\/a><\/p>\n<p><a href=\"http:\/\/milenacapuder.si\/wp-content\/uploads\/2015\/05\/IMG_4086-Small.jpg\"><img decoding=\"async\" loading=\"lazy\" class=\"aligncenter size-large wp-image-2112\" src=\"http:\/\/milenacapuder.si\/wp-content\/uploads\/2015\/05\/IMG_4086-Small.jpg\" alt=\"IMG_4086 (Small)\" width=\"720\" height=\"480\" srcset=\"http:\/\/milenacapuder.si\/wp-content\/uploads\/2015\/05\/IMG_4086-Small.jpg 720w, http:\/\/milenacapuder.si\/wp-content\/uploads\/2015\/05\/IMG_4086-Small-300x200.jpg 300w\" sizes=\"(max-width: 720px) 100vw, 720px\" \/><\/a><\/p>\n<p><a href=\"http:\/\/milenacapuder.si\/wp-content\/uploads\/2015\/05\/IMG_4090-Small.jpg\"><img decoding=\"async\" loading=\"lazy\" class=\"aligncenter size-large wp-image-2113\" src=\"http:\/\/milenacapuder.si\/wp-content\/uploads\/2015\/05\/IMG_4090-Small.jpg\" alt=\"IMG_4090 (Small)\" width=\"720\" height=\"480\" srcset=\"http:\/\/milenacapuder.si\/wp-content\/uploads\/2015\/05\/IMG_4090-Small.jpg 720w, http:\/\/milenacapuder.si\/wp-content\/uploads\/2015\/05\/IMG_4090-Small-300x200.jpg 300w\" sizes=\"(max-width: 720px) 100vw, 720px\" \/><\/a><\/p>\n<p><a href=\"http:\/\/milenacapuder.si\/wp-content\/uploads\/2015\/05\/IMG_4108-Small.jpg\"><img decoding=\"async\" loading=\"lazy\" class=\"aligncenter size-large wp-image-2114\" src=\"http:\/\/milenacapuder.si\/wp-content\/uploads\/2015\/05\/IMG_4108-Small.jpg\" alt=\"IMG_4108 (Small)\" width=\"720\" height=\"480\" srcset=\"http:\/\/milenacapuder.si\/wp-content\/uploads\/2015\/05\/IMG_4108-Small.jpg 720w, http:\/\/milenacapuder.si\/wp-content\/uploads\/2015\/05\/IMG_4108-Small-300x200.jpg 300w\" sizes=\"(max-width: 720px) 100vw, 720px\" \/><\/a><\/p>\n","protected":false},"excerpt":{"rendered":"<p>Ne morem, da ne poka\u017eem kak\u0161na je planina \u00a0v polnem razcvetu podleskov. Fotografije so posnete kak\u0161no leto nazaj. Imeti mora\u0161 res sre\u010do, da ujame\u0161 toliko cvetja naenkrat. Vsaki\u010d, ko pridem \u010dez rob, sem v pri\u010dakovanju te barve. Ampak sem ve\u010dkrat razo\u010darana. Podleski pa\u010d so, vendar ne v takem \u0161tevilu. Planinska ko\u010da, kjer sem v mladosti [&hellip;]<\/p>\n","protected":false},"author":1,"featured_media":2112,"comment_status":"open","ping_status":"open","sticky":false,"template":"","format":"standard","meta":[],"categories":[6,7,9,12],"tags":[],"_links":{"self":[{"href":"http:\/\/milenacapuder.si\/index.php?rest_route=\/wp\/v2\/posts\/2102"}],"collection":[{"href":"http:\/\/milenacapuder.si\/index.php?rest_route=\/wp\/v2\/posts"}],"about":[{"href":"http:\/\/milenacapuder.si\/index.php?rest_route=\/wp\/v2\/types\/post"}],"author":[{"embeddable":true,"href":"http:\/\/milenacapuder.si\/index.php?rest_route=\/wp\/v2\/users\/1"}],"replies":[{"embeddable":true,"href":"http:\/\/milenacapuder.si\/index.php?rest_route=%2Fwp%2Fv2%2Fcomments&post=2102"}],"version-history":[{"count":7,"href":"http:\/\/milenacapuder.si\/index.php?rest_route=\/wp\/v2\/posts\/2102\/revisions"}],"predecessor-version":[{"id":2121,"href":"http:\/\/milenacapuder.si\/index.php?rest_route=\/wp\/v2\/posts\/2102\/revisions\/2121"}],"wp:featuredmedia":[{"embeddable":true,"href":"http:\/\/milenacapuder.si\/index.php?rest_route=\/wp\/v2\/media\/2112"}],"wp:attachment":[{"href":"http:\/\/milenacapuder.si\/index.php?rest_route=%2Fwp%2Fv2%2Fmedia&parent=2102"}],"wp:term":[{"taxonomy":"category","embeddable":true,"href":"http:\/\/milenacapuder.si\/index.php?rest_route=%2Fwp%2Fv2%2Fcategories&post=2102"},{"taxonomy":"post_tag","embeddable":true,"href":"http:\/\/milenacapuder.si\/index.php?rest_route=%2Fwp%2Fv2%2Ftags&post=2102"}],"curies":[{"name":"wp","href":"https:\/\/api.w.org\/{rel}","templated":true}]}}