{"id":2124,"date":"2015-05-10T18:54:27","date_gmt":"2015-05-10T18:54:27","guid":{"rendered":"http:\/\/milenacapuder.si\/?p=2124"},"modified":"2015-06-27T09:54:54","modified_gmt":"2015-06-27T09:54:54","slug":"morski-zrak","status":"publish","type":"post","link":"http:\/\/milenacapuder.si\/?p=2124","title":{"rendered":"Morski zrak"},"content":{"rendered":"<p style=\"text-align: center;\">Za spremembo &#8211; namesto Gorenjska- smer Primorska. \u010ceprav je slovenske obale zelo malo, sva \u0161e vedno na\u0161la prostor, kjer \u0161e nisva bila. Strunjan je bil najino dana\u0161nje odkritje. Drugi\u010d ga obi\u0161\u010deva s kolesi.<\/p>\n<p style=\"text-align: center;\"><a href=\"http:\/\/milenacapuder.si\/wp-content\/uploads\/2015\/05\/IMG_2645-Small-e1431282368120.jpg\"><img decoding=\"async\" loading=\"lazy\" class=\"aligncenter size-full wp-image-2125\" src=\"http:\/\/milenacapuder.si\/wp-content\/uploads\/2015\/05\/IMG_2645-Small-e1431282368120.jpg\" alt=\"IMG_2645 (Small)\" width=\"480\" height=\"720\" srcset=\"http:\/\/milenacapuder.si\/wp-content\/uploads\/2015\/05\/IMG_2645-Small-e1431282368120.jpg 480w, http:\/\/milenacapuder.si\/wp-content\/uploads\/2015\/05\/IMG_2645-Small-e1431282368120-200x300.jpg 200w\" sizes=\"(max-width: 480px) 100vw, 480px\" \/><\/a><\/p>\n<p style=\"text-align: center;\">Najprej sva se ustavila v Kopru in bila sva presene\u010dena \u00a0nad \u0161tevilnimi turisti. Kri\u017earka je bila zasidrana v luki in o\u010ditno so si potniki za\u017eeleli trdna tla pod nogami.<\/p>\n<p style=\"text-align: center;\"><a href=\"http:\/\/milenacapuder.si\/wp-content\/uploads\/2015\/05\/IMG_2652-Small-e1431284657509.jpg\"><img decoding=\"async\" loading=\"lazy\" class=\"aligncenter size-full wp-image-2145\" src=\"http:\/\/milenacapuder.si\/wp-content\/uploads\/2015\/05\/IMG_2652-Small-e1431284657509.jpg\" alt=\"IMG_2652 (Small)\" width=\"681\" height=\"444\" srcset=\"http:\/\/milenacapuder.si\/wp-content\/uploads\/2015\/05\/IMG_2652-Small-e1431284657509.jpg 681w, http:\/\/milenacapuder.si\/wp-content\/uploads\/2015\/05\/IMG_2652-Small-e1431284657509-300x196.jpg 300w\" sizes=\"(max-width: 681px) 100vw, 681px\" \/><\/a><\/p>\n<p style=\"text-align: center;\">Slovence si prepoznal po kolesu, rolerjih ali pa v teka\u0161kih copatih. Veliko je bilo aktivnosti na ta son\u010den dan na morju.<\/p>\n<p style=\"text-align: center;\"><img decoding=\"async\" loading=\"lazy\" class=\"aligncenter size-full wp-image-2131\" src=\"http:\/\/milenacapuder.si\/wp-content\/uploads\/2015\/05\/IMG_2662-Small.jpg\" alt=\"IMG_2662 (Small)\" width=\"720\" height=\"480\" srcset=\"http:\/\/milenacapuder.si\/wp-content\/uploads\/2015\/05\/IMG_2662-Small.jpg 720w, http:\/\/milenacapuder.si\/wp-content\/uploads\/2015\/05\/IMG_2662-Small-300x200.jpg 300w\" sizes=\"(max-width: 720px) 100vw, 720px\" \/><\/p>\n<p style=\"text-align: center;\">Spet Slovenci. Sigurno.<\/p>\n<p><a href=\"http:\/\/milenacapuder.si\/wp-content\/uploads\/2015\/05\/IMG_2671-Small.jpg\"><img decoding=\"async\" loading=\"lazy\" class=\"aligncenter size-full wp-image-2136\" src=\"http:\/\/milenacapuder.si\/wp-content\/uploads\/2015\/05\/IMG_2671-Small.jpg\" alt=\"IMG_2671 (Small)\" width=\"720\" height=\"480\" srcset=\"http:\/\/milenacapuder.si\/wp-content\/uploads\/2015\/05\/IMG_2671-Small.jpg 720w, http:\/\/milenacapuder.si\/wp-content\/uploads\/2015\/05\/IMG_2671-Small-300x200.jpg 300w\" sizes=\"(max-width: 720px) 100vw, 720px\" \/><\/a><\/p>\n<p><a href=\"http:\/\/milenacapuder.si\/wp-content\/uploads\/2015\/05\/IMG_2654-Small.jpg\"><img decoding=\"async\" loading=\"lazy\" class=\"aligncenter size-full wp-image-2146\" src=\"http:\/\/milenacapuder.si\/wp-content\/uploads\/2015\/05\/IMG_2654-Small.jpg\" alt=\"IMG_2654 (Small)\" width=\"720\" height=\"339\" srcset=\"http:\/\/milenacapuder.si\/wp-content\/uploads\/2015\/05\/IMG_2654-Small.jpg 720w, http:\/\/milenacapuder.si\/wp-content\/uploads\/2015\/05\/IMG_2654-Small-300x141.jpg 300w\" sizes=\"(max-width: 720px) 100vw, 720px\" \/><\/a><\/p>\n<p><a href=\"http:\/\/milenacapuder.si\/wp-content\/uploads\/2015\/05\/IMG_2657-Small.jpg\"><img decoding=\"async\" loading=\"lazy\" class=\"aligncenter size-full wp-image-2128\" src=\"http:\/\/milenacapuder.si\/wp-content\/uploads\/2015\/05\/IMG_2657-Small.jpg\" alt=\"IMG_2657 (Small)\" width=\"720\" height=\"480\" srcset=\"http:\/\/milenacapuder.si\/wp-content\/uploads\/2015\/05\/IMG_2657-Small.jpg 720w, http:\/\/milenacapuder.si\/wp-content\/uploads\/2015\/05\/IMG_2657-Small-300x200.jpg 300w\" sizes=\"(max-width: 720px) 100vw, 720px\" \/><\/a><\/p>\n<p style=\"text-align: center;\">Pogled na Piran iz Strunjana.<\/p>\n<p><a href=\"http:\/\/milenacapuder.si\/wp-content\/uploads\/2015\/05\/IMG_2658-Small.jpg\"><img decoding=\"async\" loading=\"lazy\" class=\"aligncenter size-full wp-image-2129\" src=\"http:\/\/milenacapuder.si\/wp-content\/uploads\/2015\/05\/IMG_2658-Small.jpg\" alt=\"IMG_2658 (Small)\" width=\"720\" height=\"480\" srcset=\"http:\/\/milenacapuder.si\/wp-content\/uploads\/2015\/05\/IMG_2658-Small.jpg 720w, http:\/\/milenacapuder.si\/wp-content\/uploads\/2015\/05\/IMG_2658-Small-300x200.jpg 300w\" sizes=\"(max-width: 720px) 100vw, 720px\" \/><\/a><\/p>\n<p style=\"text-align: center;\">Lep ko\u0161\u010dek na\u0161e obale! In presene\u010dena sem bila &#8211; morje sploh ni bilo tako mrzlo kot sem pri\u010dakovala.<\/p>\n<p><a href=\"http:\/\/milenacapuder.si\/wp-content\/uploads\/2015\/05\/IMG_2661-Small.jpg\"><img decoding=\"async\" loading=\"lazy\" class=\"aligncenter size-full wp-image-2130\" src=\"http:\/\/milenacapuder.si\/wp-content\/uploads\/2015\/05\/IMG_2661-Small.jpg\" alt=\"IMG_2661 (Small)\" width=\"720\" height=\"480\" srcset=\"http:\/\/milenacapuder.si\/wp-content\/uploads\/2015\/05\/IMG_2661-Small.jpg 720w, http:\/\/milenacapuder.si\/wp-content\/uploads\/2015\/05\/IMG_2661-Small-300x200.jpg 300w\" sizes=\"(max-width: 720px) 100vw, 720px\" \/><\/a><\/p>\n<p><a href=\"http:\/\/milenacapuder.si\/wp-content\/uploads\/2015\/05\/IMG_2664-Small-e1431282382825.jpg\"><img decoding=\"async\" loading=\"lazy\" class=\"aligncenter size-full wp-image-2133\" src=\"http:\/\/milenacapuder.si\/wp-content\/uploads\/2015\/05\/IMG_2664-Small-e1431282382825.jpg\" alt=\"IMG_2664 (Small)\" width=\"480\" height=\"720\" srcset=\"http:\/\/milenacapuder.si\/wp-content\/uploads\/2015\/05\/IMG_2664-Small-e1431282382825.jpg 480w, http:\/\/milenacapuder.si\/wp-content\/uploads\/2015\/05\/IMG_2664-Small-e1431282382825-200x300.jpg 200w\" sizes=\"(max-width: 480px) 100vw, 480px\" \/><\/a><\/p>\n<p><a href=\"http:\/\/milenacapuder.si\/wp-content\/uploads\/2015\/05\/IMG_2667-Small.jpg\"><img decoding=\"async\" loading=\"lazy\" class=\"aligncenter size-full wp-image-2134\" src=\"http:\/\/milenacapuder.si\/wp-content\/uploads\/2015\/05\/IMG_2667-Small.jpg\" alt=\"IMG_2667 (Small)\" width=\"720\" height=\"480\" srcset=\"http:\/\/milenacapuder.si\/wp-content\/uploads\/2015\/05\/IMG_2667-Small.jpg 720w, http:\/\/milenacapuder.si\/wp-content\/uploads\/2015\/05\/IMG_2667-Small-300x200.jpg 300w\" sizes=\"(max-width: 720px) 100vw, 720px\" \/><\/a><\/p>\n<p><a href=\"http:\/\/milenacapuder.si\/wp-content\/uploads\/2015\/05\/IMG_2669-Small.jpg\"><img decoding=\"async\" loading=\"lazy\" class=\"aligncenter size-full wp-image-2135\" src=\"http:\/\/milenacapuder.si\/wp-content\/uploads\/2015\/05\/IMG_2669-Small.jpg\" alt=\"IMG_2669 (Small)\" width=\"720\" height=\"480\" srcset=\"http:\/\/milenacapuder.si\/wp-content\/uploads\/2015\/05\/IMG_2669-Small.jpg 720w, http:\/\/milenacapuder.si\/wp-content\/uploads\/2015\/05\/IMG_2669-Small-300x200.jpg 300w\" sizes=\"(max-width: 720px) 100vw, 720px\" \/><\/a><\/p>\n<p style=\"text-align: center;\">Na\u0161e malo mesto. Izola.<\/p>\n<p><a href=\"http:\/\/milenacapuder.si\/wp-content\/uploads\/2015\/05\/IMG_2675-Small.jpg\"><img decoding=\"async\" loading=\"lazy\" class=\"aligncenter size-full wp-image-2138\" src=\"http:\/\/milenacapuder.si\/wp-content\/uploads\/2015\/05\/IMG_2675-Small.jpg\" alt=\"IMG_2675 (Small)\" width=\"720\" height=\"480\" srcset=\"http:\/\/milenacapuder.si\/wp-content\/uploads\/2015\/05\/IMG_2675-Small.jpg 720w, http:\/\/milenacapuder.si\/wp-content\/uploads\/2015\/05\/IMG_2675-Small-300x200.jpg 300w\" sizes=\"(max-width: 720px) 100vw, 720px\" \/><\/a><\/p>\n<p style=\"text-align: center;\">In \u0161e malo v Vipavsko dolino. Na osmico. Vas Gradi\u0161\u010de pri Vipavi vam jo nudi ta \u010das.<\/p>\n<p><a href=\"http:\/\/milenacapuder.si\/wp-content\/uploads\/2015\/05\/IMG_2678-Small.jpg\"><img decoding=\"async\" loading=\"lazy\" class=\"aligncenter size-full wp-image-2139\" src=\"http:\/\/milenacapuder.si\/wp-content\/uploads\/2015\/05\/IMG_2678-Small.jpg\" alt=\"IMG_2678 (Small)\" width=\"720\" height=\"480\" srcset=\"http:\/\/milenacapuder.si\/wp-content\/uploads\/2015\/05\/IMG_2678-Small.jpg 720w, http:\/\/milenacapuder.si\/wp-content\/uploads\/2015\/05\/IMG_2678-Small-300x200.jpg 300w\" sizes=\"(max-width: 720px) 100vw, 720px\" \/><\/a><\/p>\n<p style=\"text-align: center;\">Vejica br\u0161ljana &#8211; imenovana frasko &#8211; \u00a0na oznakah za osmico &#8211; vabijo tako na Krasu kot v Vipavski dolini. Spla\u010da se jim slediti. Tam ne zmanjka dobre doma\u010de hrane in pija\u010de.<\/p>\n<p><a href=\"http:\/\/milenacapuder.si\/wp-content\/uploads\/2015\/05\/IMG_2679-Small.jpg\"><img decoding=\"async\" loading=\"lazy\" class=\"aligncenter size-full wp-image-2140\" src=\"http:\/\/milenacapuder.si\/wp-content\/uploads\/2015\/05\/IMG_2679-Small.jpg\" alt=\"IMG_2679 (Small)\" width=\"720\" height=\"480\" srcset=\"http:\/\/milenacapuder.si\/wp-content\/uploads\/2015\/05\/IMG_2679-Small.jpg 720w, http:\/\/milenacapuder.si\/wp-content\/uploads\/2015\/05\/IMG_2679-Small-300x200.jpg 300w\" sizes=\"(max-width: 720px) 100vw, 720px\" \/><\/a><\/p>\n<p style=\"text-align: center;\">Leto\u0161nje prve \u010de\u0161nje!<\/p>\n","protected":false},"excerpt":{"rendered":"<p>Za spremembo &#8211; namesto Gorenjska- smer Primorska. \u010ceprav je slovenske obale zelo malo, sva \u0161e vedno na\u0161la prostor, kjer \u0161e nisva bila. Strunjan je bil najino dana\u0161nje odkritje. Drugi\u010d ga obi\u0161\u010deva s kolesi. Najprej sva se ustavila v Kopru in bila sva presene\u010dena \u00a0nad \u0161tevilnimi turisti. Kri\u017earka je bila zasidrana v luki in o\u010ditno so [&hellip;]<\/p>\n","protected":false},"author":1,"featured_media":2136,"comment_status":"open","ping_status":"open","sticky":false,"template":"","format":"standard","meta":[],"categories":[3],"tags":[],"_links":{"self":[{"href":"http:\/\/milenacapuder.si\/index.php?rest_route=\/wp\/v2\/posts\/2124"}],"collection":[{"href":"http:\/\/milenacapuder.si\/index.php?rest_route=\/wp\/v2\/posts"}],"about":[{"href":"http:\/\/milenacapuder.si\/index.php?rest_route=\/wp\/v2\/types\/post"}],"author":[{"embeddable":true,"href":"http:\/\/milenacapuder.si\/index.php?rest_route=\/wp\/v2\/users\/1"}],"replies":[{"embeddable":true,"href":"http:\/\/milenacapuder.si\/index.php?rest_route=%2Fwp%2Fv2%2Fcomments&post=2124"}],"version-history":[{"count":5,"href":"http:\/\/milenacapuder.si\/index.php?rest_route=\/wp\/v2\/posts\/2124\/revisions"}],"predecessor-version":[{"id":2149,"href":"http:\/\/milenacapuder.si\/index.php?rest_route=\/wp\/v2\/posts\/2124\/revisions\/2149"}],"wp:featuredmedia":[{"embeddable":true,"href":"http:\/\/milenacapuder.si\/index.php?rest_route=\/wp\/v2\/media\/2136"}],"wp:attachment":[{"href":"http:\/\/milenacapuder.si\/index.php?rest_route=%2Fwp%2Fv2%2Fmedia&parent=2124"}],"wp:term":[{"taxonomy":"category","embeddable":true,"href":"http:\/\/milenacapuder.si\/index.php?rest_route=%2Fwp%2Fv2%2Fcategories&post=2124"},{"taxonomy":"post_tag","embeddable":true,"href":"http:\/\/milenacapuder.si\/index.php?rest_route=%2Fwp%2Fv2%2Ftags&post=2124"}],"curies":[{"name":"wp","href":"https:\/\/api.w.org\/{rel}","templated":true}]}}