{"id":2199,"date":"2015-05-17T19:21:38","date_gmt":"2015-05-17T19:21:38","guid":{"rendered":"http:\/\/milenacapuder.si\/?p=2199"},"modified":"2015-06-27T09:54:43","modified_gmt":"2015-06-27T09:54:43","slug":"osredek-spomladi","status":"publish","type":"post","link":"http:\/\/milenacapuder.si\/?p=2199","title":{"rendered":"Osredek spomladi"},"content":{"rendered":"<p style=\"text-align: center;\">Odmik od ljudi &#8211; v naravo. \u00a0Osredek je tak\u0161na planina, kjer ni gne\u010de. Kamni\u0161ki vrh poleg Osredka pa je bolj mno\u017ei\u010dno obiskan.<\/p>\n<p style=\"text-align: center;\"><a href=\"http:\/\/milenacapuder.si\/wp-content\/uploads\/2015\/05\/IMG_2564-Small.jpg\"><img decoding=\"async\" loading=\"lazy\" class=\"aligncenter size-full wp-image-2201\" src=\"http:\/\/milenacapuder.si\/wp-content\/uploads\/2015\/05\/IMG_2564-Small.jpg\" alt=\"IMG_2564 (Small)\" width=\"720\" height=\"480\" srcset=\"http:\/\/milenacapuder.si\/wp-content\/uploads\/2015\/05\/IMG_2564-Small.jpg 720w, http:\/\/milenacapuder.si\/wp-content\/uploads\/2015\/05\/IMG_2564-Small-300x200.jpg 300w\" sizes=\"(max-width: 720px) 100vw, 720px\" \/><\/a><\/p>\n<p style=\"text-align: center;\">Zaradi po\u0161kodovanega kolena imam druga\u010den\u00a0cilj kot mo\u017e. On je \u0161el na Kamni\u0161ki vrh, jaz pa na Osredek. Ta je kolenom bolj prijazen.<\/p>\n<p style=\"text-align: center;\"><a href=\"http:\/\/milenacapuder.si\/wp-content\/uploads\/2015\/05\/IMG_2569-Small-1.jpg\"><img decoding=\"async\" loading=\"lazy\" class=\"aligncenter size-full wp-image-2229\" src=\"http:\/\/milenacapuder.si\/wp-content\/uploads\/2015\/05\/IMG_2569-Small-1.jpg\" alt=\"IMG_2569-Small (1)\" width=\"720\" height=\"480\" srcset=\"http:\/\/milenacapuder.si\/wp-content\/uploads\/2015\/05\/IMG_2569-Small-1.jpg 720w, http:\/\/milenacapuder.si\/wp-content\/uploads\/2015\/05\/IMG_2569-Small-1-300x200.jpg 300w\" sizes=\"(max-width: 720px) 100vw, 720px\" \/><\/a><\/p>\n<p style=\"text-align: center;\">Koro\u0161a\u0161ki slapovi od dale\u010d, nad njimi pa le\u017ei 1000 m nad morjem &#8211; planina Osredek.<\/p>\n<p style=\"text-align: center;\"><a href=\"http:\/\/milenacapuder.si\/wp-content\/uploads\/2015\/05\/IMG_2573-Small-e14318887036991.jpg\"><img decoding=\"async\" loading=\"lazy\" class=\"aligncenter size-full wp-image-2246\" src=\"http:\/\/milenacapuder.si\/wp-content\/uploads\/2015\/05\/IMG_2573-Small-e14318887036991.jpg\" alt=\"IMG_2573-Small-e1431888703699\" width=\"480\" height=\"720\" srcset=\"http:\/\/milenacapuder.si\/wp-content\/uploads\/2015\/05\/IMG_2573-Small-e14318887036991.jpg 480w, http:\/\/milenacapuder.si\/wp-content\/uploads\/2015\/05\/IMG_2573-Small-e14318887036991-200x300.jpg 200w\" sizes=\"(max-width: 480px) 100vw, 480px\" \/><\/a><\/p>\n<p><a href=\"http:\/\/milenacapuder.si\/wp-content\/uploads\/2015\/05\/IMG_2575-Small-e14318887427781.jpg\"><img decoding=\"async\" loading=\"lazy\" class=\"aligncenter size-full wp-image-2245\" src=\"http:\/\/milenacapuder.si\/wp-content\/uploads\/2015\/05\/IMG_2575-Small-e14318887427781.jpg\" alt=\"IMG_2575-Small-e1431888742778\" width=\"480\" height=\"720\" srcset=\"http:\/\/milenacapuder.si\/wp-content\/uploads\/2015\/05\/IMG_2575-Small-e14318887427781.jpg 480w, http:\/\/milenacapuder.si\/wp-content\/uploads\/2015\/05\/IMG_2575-Small-e14318887427781-200x300.jpg 200w\" sizes=\"(max-width: 480px) 100vw, 480px\" \/><\/a><\/p>\n<p style=\"text-align: center;\">Pot se res strmo vzpenja, pa ni\u010d zato. Se vsaj po\u0161teno spoti\u0161 preden pride\u0161 na vrh.<\/p>\n<p style=\"text-align: center;\"><a href=\"http:\/\/milenacapuder.si\/wp-content\/uploads\/2015\/05\/IMG_2582-Small.jpg\"><img decoding=\"async\" loading=\"lazy\" class=\"aligncenter size-full wp-image-2207\" src=\"http:\/\/milenacapuder.si\/wp-content\/uploads\/2015\/05\/IMG_2582-Small.jpg\" alt=\"IMG_2582 (Small)\" width=\"720\" height=\"480\" srcset=\"http:\/\/milenacapuder.si\/wp-content\/uploads\/2015\/05\/IMG_2582-Small.jpg 720w, http:\/\/milenacapuder.si\/wp-content\/uploads\/2015\/05\/IMG_2582-Small-300x200.jpg 300w\" sizes=\"(max-width: 720px) 100vw, 720px\" \/><\/a><\/p>\n<p style=\"text-align: center;\">Ves \u010das \u00a0ima\u0161 za seboj krasen razgled po kamni\u0161ki ob\u010dini. Sploh po de\u017eju se vidi zelo zelo dale\u010d.<\/p>\n<p style=\"text-align: center;\"><img decoding=\"async\" loading=\"lazy\" class=\"aligncenter size-full wp-image-2213\" src=\"http:\/\/milenacapuder.si\/wp-content\/uploads\/2015\/05\/IMG_2595-Small.jpg\" alt=\"IMG_2595 (Small)\" width=\"720\" height=\"480\" srcset=\"http:\/\/milenacapuder.si\/wp-content\/uploads\/2015\/05\/IMG_2595-Small.jpg 720w, http:\/\/milenacapuder.si\/wp-content\/uploads\/2015\/05\/IMG_2595-Small-300x200.jpg 300w\" sizes=\"(max-width: 720px) 100vw, 720px\" \/><\/p>\n<p style=\"text-align: center;\"><img decoding=\"async\" loading=\"lazy\" class=\"aligncenter size-full wp-image-2226\" src=\"http:\/\/milenacapuder.si\/wp-content\/uploads\/2015\/05\/Ribbet-collage-Small.jpg\" alt=\"Ribbet collage (Small)\" width=\"780\" height=\"480\" srcset=\"http:\/\/milenacapuder.si\/wp-content\/uploads\/2015\/05\/Ribbet-collage-Small.jpg 780w, http:\/\/milenacapuder.si\/wp-content\/uploads\/2015\/05\/Ribbet-collage-Small-300x185.jpg 300w\" sizes=\"(max-width: 780px) 100vw, 780px\" \/><\/p>\n<p><a href=\"http:\/\/milenacapuder.si\/wp-content\/uploads\/2015\/05\/IMG_2586-Small.jpg\"><img decoding=\"async\" loading=\"lazy\" class=\"aligncenter size-full wp-image-2208\" src=\"http:\/\/milenacapuder.si\/wp-content\/uploads\/2015\/05\/IMG_2586-Small.jpg\" alt=\"IMG_2586 (Small)\" width=\"720\" height=\"480\" srcset=\"http:\/\/milenacapuder.si\/wp-content\/uploads\/2015\/05\/IMG_2586-Small.jpg 720w, http:\/\/milenacapuder.si\/wp-content\/uploads\/2015\/05\/IMG_2586-Small-300x200.jpg 300w\" sizes=\"(max-width: 720px) 100vw, 720px\" \/><\/a><\/p>\n<p style=\"text-align: center;\">Pravkar ozelenele bukve zelo popestrijo panoramo. Zaradi vi\u0161ine je tu vse malo kasneje kot v dolini.<\/p>\n<p><a href=\"http:\/\/milenacapuder.si\/wp-content\/uploads\/2015\/05\/IMG_2591-Small.jpg\"><img decoding=\"async\" loading=\"lazy\" class=\"aligncenter size-full wp-image-2210\" src=\"http:\/\/milenacapuder.si\/wp-content\/uploads\/2015\/05\/IMG_2591-Small.jpg\" alt=\"IMG_2591 (Small)\" width=\"720\" height=\"480\" srcset=\"http:\/\/milenacapuder.si\/wp-content\/uploads\/2015\/05\/IMG_2591-Small.jpg 720w, http:\/\/milenacapuder.si\/wp-content\/uploads\/2015\/05\/IMG_2591-Small-300x200.jpg 300w\" sizes=\"(max-width: 720px) 100vw, 720px\" \/><\/a><\/p>\n<p style=\"text-align: center;\">Tudi jaz bi \u0161la tako nazaj v dolino&#8230;<\/p>\n<p style=\"text-align: center;\"><a href=\"http:\/\/milenacapuder.si\/wp-content\/uploads\/2015\/05\/IMG_2592-Small1.jpg\"><img decoding=\"async\" loading=\"lazy\" class=\"aligncenter size-full wp-image-2238\" src=\"http:\/\/milenacapuder.si\/wp-content\/uploads\/2015\/05\/IMG_2592-Small1.jpg\" alt=\"IMG_2592-Small\" width=\"720\" height=\"480\" srcset=\"http:\/\/milenacapuder.si\/wp-content\/uploads\/2015\/05\/IMG_2592-Small1.jpg 720w, http:\/\/milenacapuder.si\/wp-content\/uploads\/2015\/05\/IMG_2592-Small1-300x200.jpg 300w\" sizes=\"(max-width: 720px) 100vw, 720px\" \/><\/a><\/p>\n<p style=\"text-align: center;\">Celo avrikelj pozdravlja me s sraj\u010dko rumeno.<\/p>\n<p style=\"text-align: center;\"><a href=\"http:\/\/milenacapuder.si\/wp-content\/uploads\/2015\/05\/IMG_2596-Small-e14318887651701.jpg\"><img decoding=\"async\" loading=\"lazy\" class=\"aligncenter size-full wp-image-2248\" src=\"http:\/\/milenacapuder.si\/wp-content\/uploads\/2015\/05\/IMG_2596-Small-e14318887651701.jpg\" alt=\"IMG_2596-Small-e1431888765170\" width=\"414\" height=\"582\" srcset=\"http:\/\/milenacapuder.si\/wp-content\/uploads\/2015\/05\/IMG_2596-Small-e14318887651701.jpg 414w, http:\/\/milenacapuder.si\/wp-content\/uploads\/2015\/05\/IMG_2596-Small-e14318887651701-213x300.jpg 213w\" sizes=\"(max-width: 414px) 100vw, 414px\" \/><\/a><\/p>\n<p style=\"text-align: center;\"><a href=\"http:\/\/milenacapuder.si\/wp-content\/uploads\/2015\/05\/IMG_2598-Small.jpg\"><img decoding=\"async\" loading=\"lazy\" class=\"aligncenter size-full wp-image-2215\" src=\"http:\/\/milenacapuder.si\/wp-content\/uploads\/2015\/05\/IMG_2598-Small.jpg\" alt=\"IMG_2598 (Small)\" width=\"720\" height=\"480\" srcset=\"http:\/\/milenacapuder.si\/wp-content\/uploads\/2015\/05\/IMG_2598-Small.jpg 720w, http:\/\/milenacapuder.si\/wp-content\/uploads\/2015\/05\/IMG_2598-Small-300x200.jpg 300w\" sizes=\"(max-width: 720px) 100vw, 720px\" \/><\/a><\/p>\n<p style=\"text-align: center;\">Tu bi kar ostal \u00a0kak\u0161en dan, se nau\u017eil zraka in miru, ter se spo\u010dit vrnil v vsakdan.<\/p>\n<p style=\"text-align: center;\"><a href=\"http:\/\/milenacapuder.si\/wp-content\/uploads\/2015\/05\/IMG_2602-Small.jpg\"><img decoding=\"async\" loading=\"lazy\" class=\"aligncenter size-full wp-image-2216\" src=\"http:\/\/milenacapuder.si\/wp-content\/uploads\/2015\/05\/IMG_2602-Small.jpg\" alt=\"IMG_2602 (Small)\" width=\"720\" height=\"480\" srcset=\"http:\/\/milenacapuder.si\/wp-content\/uploads\/2015\/05\/IMG_2602-Small.jpg 720w, http:\/\/milenacapuder.si\/wp-content\/uploads\/2015\/05\/IMG_2602-Small-300x200.jpg 300w\" sizes=\"(max-width: 720px) 100vw, 720px\" \/><\/a><\/p>\n<p style=\"text-align: center;\"><a href=\"http:\/\/milenacapuder.si\/wp-content\/uploads\/2015\/05\/New-Image.jpg\"><img decoding=\"async\" loading=\"lazy\" class=\"aligncenter size-full wp-image-2230\" src=\"http:\/\/milenacapuder.si\/wp-content\/uploads\/2015\/05\/New-Image.jpg\" alt=\"New Image\" width=\"720\" height=\"480\" srcset=\"http:\/\/milenacapuder.si\/wp-content\/uploads\/2015\/05\/New-Image.jpg 720w, http:\/\/milenacapuder.si\/wp-content\/uploads\/2015\/05\/New-Image-300x200.jpg 300w\" sizes=\"(max-width: 720px) 100vw, 720px\" \/><\/a><\/p>\n<p style=\"text-align: center;\"><a href=\"http:\/\/milenacapuder.si\/wp-content\/uploads\/2015\/05\/IMG_2609-Small1.jpg\"><img decoding=\"async\" loading=\"lazy\" class=\"aligncenter size-full wp-image-2237\" src=\"http:\/\/milenacapuder.si\/wp-content\/uploads\/2015\/05\/IMG_2609-Small1.jpg\" alt=\"IMG_2609-Small\" width=\"720\" height=\"480\" srcset=\"http:\/\/milenacapuder.si\/wp-content\/uploads\/2015\/05\/IMG_2609-Small1.jpg 720w, http:\/\/milenacapuder.si\/wp-content\/uploads\/2015\/05\/IMG_2609-Small1-300x200.jpg 300w\" sizes=\"(max-width: 720px) 100vw, 720px\" \/><\/a><\/p>\n<p style=\"text-align: center;\">Na Osredku sva se sre\u010dala z mo\u017eem in \u00a0skupaj odrinila v dolino. \u00a0Pre\u010dila sva pobo\u010dje in na dveh mestih je potrebna precej\u0161nja previdnost pred zdrsom. Pot ni povsod dobro za\u0161\u010ditena.<\/p>\n<p style=\"text-align: center;\"><a href=\"http:\/\/milenacapuder.si\/wp-content\/uploads\/2015\/05\/IMG_2619-Small-e1431888781642.jpg\"><img decoding=\"async\" loading=\"lazy\" class=\"aligncenter size-full wp-image-2232\" src=\"http:\/\/milenacapuder.si\/wp-content\/uploads\/2015\/05\/IMG_2619-Small-e1431888781642.jpg\" alt=\"IMG_2619-Small-e1431888781642\" width=\"480\" height=\"720\" srcset=\"http:\/\/milenacapuder.si\/wp-content\/uploads\/2015\/05\/IMG_2619-Small-e1431888781642.jpg 480w, http:\/\/milenacapuder.si\/wp-content\/uploads\/2015\/05\/IMG_2619-Small-e1431888781642-200x300.jpg 200w\" sizes=\"(max-width: 480px) 100vw, 480px\" \/><\/a><\/p>\n<p style=\"text-align: center;\">Kamni\u0161ki vrh \u00a0v ozadju.<\/p>\n<p style=\"text-align: center;\"><a href=\"http:\/\/milenacapuder.si\/wp-content\/uploads\/2015\/05\/New-Image668.jpg\"><img decoding=\"async\" loading=\"lazy\" class=\"aligncenter size-full wp-image-2231\" src=\"http:\/\/milenacapuder.si\/wp-content\/uploads\/2015\/05\/New-Image668.jpg\" alt=\"New Image668\" width=\"720\" height=\"480\" srcset=\"http:\/\/milenacapuder.si\/wp-content\/uploads\/2015\/05\/New-Image668.jpg 720w, http:\/\/milenacapuder.si\/wp-content\/uploads\/2015\/05\/New-Image668-300x200.jpg 300w\" sizes=\"(max-width: 720px) 100vw, 720px\" \/><\/a><\/p>\n<p style=\"text-align: center;\">Ko bova to turo naslednji\u010d ponovila, se bova vra\u010dala s \u0161marnicami. Na vrhu jih je\u00a0vedno veliko.<\/p>\n","protected":false},"excerpt":{"rendered":"<p>Odmik od ljudi &#8211; v naravo. \u00a0Osredek je tak\u0161na planina, kjer ni gne\u010de. Kamni\u0161ki vrh poleg Osredka pa je bolj mno\u017ei\u010dno obiskan. Zaradi po\u0161kodovanega kolena imam druga\u010den\u00a0cilj kot mo\u017e. On je \u0161el na Kamni\u0161ki vrh, jaz pa na Osredek. Ta je kolenom bolj prijazen. Koro\u0161a\u0161ki slapovi od dale\u010d, nad njimi pa le\u017ei 1000 m nad [&hellip;]<\/p>\n","protected":false},"author":1,"featured_media":2237,"comment_status":"open","ping_status":"open","sticky":false,"template":"","format":"standard","meta":[],"categories":[3,6,12],"tags":[],"_links":{"self":[{"href":"http:\/\/milenacapuder.si\/index.php?rest_route=\/wp\/v2\/posts\/2199"}],"collection":[{"href":"http:\/\/milenacapuder.si\/index.php?rest_route=\/wp\/v2\/posts"}],"about":[{"href":"http:\/\/milenacapuder.si\/index.php?rest_route=\/wp\/v2\/types\/post"}],"author":[{"embeddable":true,"href":"http:\/\/milenacapuder.si\/index.php?rest_route=\/wp\/v2\/users\/1"}],"replies":[{"embeddable":true,"href":"http:\/\/milenacapuder.si\/index.php?rest_route=%2Fwp%2Fv2%2Fcomments&post=2199"}],"version-history":[{"count":13,"href":"http:\/\/milenacapuder.si\/index.php?rest_route=\/wp\/v2\/posts\/2199\/revisions"}],"predecessor-version":[{"id":2250,"href":"http:\/\/milenacapuder.si\/index.php?rest_route=\/wp\/v2\/posts\/2199\/revisions\/2250"}],"wp:featuredmedia":[{"embeddable":true,"href":"http:\/\/milenacapuder.si\/index.php?rest_route=\/wp\/v2\/media\/2237"}],"wp:attachment":[{"href":"http:\/\/milenacapuder.si\/index.php?rest_route=%2Fwp%2Fv2%2Fmedia&parent=2199"}],"wp:term":[{"taxonomy":"category","embeddable":true,"href":"http:\/\/milenacapuder.si\/index.php?rest_route=%2Fwp%2Fv2%2Fcategories&post=2199"},{"taxonomy":"post_tag","embeddable":true,"href":"http:\/\/milenacapuder.si\/index.php?rest_route=%2Fwp%2Fv2%2Ftags&post=2199"}],"curies":[{"name":"wp","href":"https:\/\/api.w.org\/{rel}","templated":true}]}}