{"id":13179,"date":"2020-11-29T16:44:22","date_gmt":"2020-11-29T16:44:22","guid":{"rendered":"http:\/\/milenacapuder.si\/?p=13179"},"modified":"2020-11-29T17:43:45","modified_gmt":"2020-11-29T17:43:45","slug":"jesenski-sprehod-2","status":"publish","type":"post","link":"https:\/\/milenacapuder.si\/?p=13179","title":{"rendered":"Po \u0160tefanji Gori"},"content":{"rendered":"\n<div class=\"wp-block-image\"><figure class=\"aligncenter\"><img decoding=\"async\" loading=\"lazy\" width=\"480\" height=\"720\" src=\"http:\/\/milenacapuder.si\/wp-content\/uploads\/2020\/11\/IMG_6434-Small.jpg\" alt=\"\" class=\"wp-image-13155\" srcset=\"https:\/\/milenacapuder.si\/wp-content\/uploads\/2020\/11\/IMG_6434-Small.jpg 480w, https:\/\/milenacapuder.si\/wp-content\/uploads\/2020\/11\/IMG_6434-Small-200x300.jpg 200w\" sizes=\"(max-width: 480px) 100vw, 480px\" \/><\/figure><\/div>\n\n\n\n<p style=\"text-align:center\">\u010cudni \u010dasi &#8211; koronski \u010dasi!  Prepoved gibanja izven svoje ob\u010dine  je prizadela masikoga. Imamo sre\u010do, da \u017eivimo v cerkljanski ob\u010dini, kjer je lepih koti\u010dkov narave v izobilju.  Imamo gore,planine, hribe, imamo gozdove, ravnice in polja, lepe vasice, jezera, veliko kolesarskih  in sprehajalnih poti, gradove in parke&#8230;.<\/p>\n\n\n\n<ul class=\"wp-block-gallery columns-2 is-cropped wp-block-gallery-1 is-layout-flex\"><li class=\"blocks-gallery-item\"><figure><img decoding=\"async\" loading=\"lazy\" width=\"720\" height=\"480\" src=\"http:\/\/milenacapuder.si\/wp-content\/uploads\/2020\/11\/IMG_6435-Small.jpg\" alt=\"\" data-id=\"13156\" data-link=\"http:\/\/milenacapuder.si\/?attachment_id=13156#main\" class=\"wp-image-13156\" srcset=\"https:\/\/milenacapuder.si\/wp-content\/uploads\/2020\/11\/IMG_6435-Small.jpg 720w, https:\/\/milenacapuder.si\/wp-content\/uploads\/2020\/11\/IMG_6435-Small-300x200.jpg 300w\" sizes=\"(max-width: 720px) 100vw, 720px\" \/><\/figure><\/li><li class=\"blocks-gallery-item\"><figure><img decoding=\"async\" loading=\"lazy\" width=\"480\" height=\"720\" src=\"http:\/\/milenacapuder.si\/wp-content\/uploads\/2020\/11\/IMG_6436-Small-e1606667644131.jpg\" alt=\"\" data-id=\"13157\" data-link=\"http:\/\/milenacapuder.si\/?attachment_id=13157#main\" class=\"wp-image-13157\" srcset=\"https:\/\/milenacapuder.si\/wp-content\/uploads\/2020\/11\/IMG_6436-Small-e1606667644131.jpg 480w, https:\/\/milenacapuder.si\/wp-content\/uploads\/2020\/11\/IMG_6436-Small-e1606667644131-200x300.jpg 200w\" sizes=\"(max-width: 480px) 100vw, 480px\" \/><\/figure><\/li><\/ul>\n\n\n\n<p style=\"text-align:center\">Tako lepega popoldneva bi bilo \u0161koda neizkoristiti.  Kratek sprehod po odmaknjeni in prijetno skriti  \u0160tefanji gori, je bilo zelo prijetno.  Razgledi tu so tako lepi, da velikokrat obstoji\u0161 in samo strmi\u0161. <\/p>\n\n\n\n<figure class=\"wp-block-image\"><img decoding=\"async\" loading=\"lazy\" width=\"720\" height=\"480\" src=\"http:\/\/milenacapuder.si\/wp-content\/uploads\/2020\/11\/IMG_6448-Small.jpg\" alt=\"\" class=\"wp-image-13165\" srcset=\"https:\/\/milenacapuder.si\/wp-content\/uploads\/2020\/11\/IMG_6448-Small.jpg 720w, https:\/\/milenacapuder.si\/wp-content\/uploads\/2020\/11\/IMG_6448-Small-300x200.jpg 300w\" sizes=\"(max-width: 720px) 100vw, 720px\" \/><\/figure>\n\n\n\n<p style=\"text-align:center\">Zlati macesni, zelene smreke, srebrne jelke,&#8230; <\/p>\n\n\n\n<ul class=\"wp-block-gallery columns-1 is-cropped wp-block-gallery-3 is-layout-flex\"><li class=\"blocks-gallery-item\"><figure><img decoding=\"async\" loading=\"lazy\" width=\"480\" height=\"720\" src=\"http:\/\/milenacapuder.si\/wp-content\/uploads\/2020\/11\/IMG_6439-Small.jpg\" alt=\"\" data-id=\"13159\" data-link=\"http:\/\/milenacapuder.si\/?attachment_id=13159#main\" class=\"wp-image-13159\" srcset=\"https:\/\/milenacapuder.si\/wp-content\/uploads\/2020\/11\/IMG_6439-Small.jpg 480w, https:\/\/milenacapuder.si\/wp-content\/uploads\/2020\/11\/IMG_6439-Small-200x300.jpg 200w\" sizes=\"(max-width: 480px) 100vw, 480px\" \/><\/figure><\/li><\/ul>\n\n\n\n<ul class=\"wp-block-gallery columns-2 is-cropped wp-block-gallery-5 is-layout-flex\"><li class=\"blocks-gallery-item\"><figure><img decoding=\"async\" loading=\"lazy\" width=\"720\" height=\"480\" src=\"http:\/\/milenacapuder.si\/wp-content\/uploads\/2020\/11\/IMG_6440-Small.jpg\" alt=\"\" data-id=\"13160\" data-link=\"http:\/\/milenacapuder.si\/?attachment_id=13160#main\" class=\"wp-image-13160\" srcset=\"https:\/\/milenacapuder.si\/wp-content\/uploads\/2020\/11\/IMG_6440-Small.jpg 720w, https:\/\/milenacapuder.si\/wp-content\/uploads\/2020\/11\/IMG_6440-Small-300x200.jpg 300w\" sizes=\"(max-width: 720px) 100vw, 720px\" \/><\/figure><\/li><li class=\"blocks-gallery-item\"><figure><img decoding=\"async\" loading=\"lazy\" width=\"720\" height=\"480\" src=\"http:\/\/milenacapuder.si\/wp-content\/uploads\/2020\/11\/IMG_6438-Small.jpg\" alt=\"\" data-id=\"13158\" data-link=\"http:\/\/milenacapuder.si\/?attachment_id=13158#main\" class=\"wp-image-13158\" srcset=\"https:\/\/milenacapuder.si\/wp-content\/uploads\/2020\/11\/IMG_6438-Small.jpg 720w, https:\/\/milenacapuder.si\/wp-content\/uploads\/2020\/11\/IMG_6438-Small-300x200.jpg 300w\" sizes=\"(max-width: 720px) 100vw, 720px\" \/><\/figure><\/li><\/ul>\n\n\n\n<div class=\"wp-block-image\"><figure class=\"aligncenter\"><img decoding=\"async\" loading=\"lazy\" width=\"480\" height=\"720\" src=\"http:\/\/milenacapuder.si\/wp-content\/uploads\/2020\/11\/IMG_6441-Small.jpg\" alt=\"\" class=\"wp-image-13161\" srcset=\"https:\/\/milenacapuder.si\/wp-content\/uploads\/2020\/11\/IMG_6441-Small.jpg 480w, https:\/\/milenacapuder.si\/wp-content\/uploads\/2020\/11\/IMG_6441-Small-200x300.jpg 200w\" sizes=\"(max-width: 480px) 100vw, 480px\" \/><\/figure><\/div>\n\n\n\n<figure class=\"wp-block-image\"><img decoding=\"async\" loading=\"lazy\" width=\"720\" height=\"480\" src=\"http:\/\/milenacapuder.si\/wp-content\/uploads\/2020\/11\/IMG_6443-Small.jpg\" alt=\"\" class=\"wp-image-13162\" srcset=\"https:\/\/milenacapuder.si\/wp-content\/uploads\/2020\/11\/IMG_6443-Small.jpg 720w, https:\/\/milenacapuder.si\/wp-content\/uploads\/2020\/11\/IMG_6443-Small-300x200.jpg 300w\" sizes=\"(max-width: 720px) 100vw, 720px\" \/><\/figure>\n\n\n\n<p style=\"text-align:center\">V ozadju pa priprave na zimo &#8211; prvo  zasne\u017eevanje smu\u010di\u0161\u010d na Krvavcu.<\/p>\n\n\n\n<figure class=\"wp-block-image\"><img decoding=\"async\" loading=\"lazy\" width=\"720\" height=\"480\" src=\"http:\/\/milenacapuder.si\/wp-content\/uploads\/2020\/11\/IMG_6444-Small.jpg\" alt=\"\" class=\"wp-image-13163\" srcset=\"https:\/\/milenacapuder.si\/wp-content\/uploads\/2020\/11\/IMG_6444-Small.jpg 720w, https:\/\/milenacapuder.si\/wp-content\/uploads\/2020\/11\/IMG_6444-Small-300x200.jpg 300w\" sizes=\"(max-width: 720px) 100vw, 720px\" \/><\/figure>\n\n\n\n<ul class=\"wp-block-gallery columns-2 is-cropped wp-block-gallery-7 is-layout-flex\"><li class=\"blocks-gallery-item\"><figure><img decoding=\"async\" loading=\"lazy\" width=\"720\" height=\"480\" src=\"http:\/\/milenacapuder.si\/wp-content\/uploads\/2020\/11\/IMG_6447-Small.jpg\" alt=\"\" data-id=\"13164\" data-link=\"http:\/\/milenacapuder.si\/?attachment_id=13164#main\" class=\"wp-image-13164\" srcset=\"https:\/\/milenacapuder.si\/wp-content\/uploads\/2020\/11\/IMG_6447-Small.jpg 720w, https:\/\/milenacapuder.si\/wp-content\/uploads\/2020\/11\/IMG_6447-Small-300x200.jpg 300w\" sizes=\"(max-width: 720px) 100vw, 720px\" \/><\/figure><\/li><li class=\"blocks-gallery-item\"><figure><img decoding=\"async\" loading=\"lazy\" width=\"720\" height=\"480\" src=\"http:\/\/milenacapuder.si\/wp-content\/uploads\/2020\/11\/IMG_6449-Small.jpg\" alt=\"\" data-id=\"13166\" data-link=\"http:\/\/milenacapuder.si\/?attachment_id=13166#main\" class=\"wp-image-13166\" srcset=\"https:\/\/milenacapuder.si\/wp-content\/uploads\/2020\/11\/IMG_6449-Small.jpg 720w, https:\/\/milenacapuder.si\/wp-content\/uploads\/2020\/11\/IMG_6449-Small-300x200.jpg 300w\" sizes=\"(max-width: 720px) 100vw, 720px\" \/><\/figure><\/li><\/ul>\n\n\n\n<p style=\"text-align:center\">Na soncu so nas \u017earki prijetno pogreli, na  tleh pa \u017ee opazimo bli\u017eino zime. <\/p>\n\n\n\n<figure class=\"wp-block-image\"><img decoding=\"async\" loading=\"lazy\" width=\"720\" height=\"480\" src=\"http:\/\/milenacapuder.si\/wp-content\/uploads\/2020\/11\/IMG_6450-Small.jpg\" alt=\"\" class=\"wp-image-13167\" srcset=\"https:\/\/milenacapuder.si\/wp-content\/uploads\/2020\/11\/IMG_6450-Small.jpg 720w, https:\/\/milenacapuder.si\/wp-content\/uploads\/2020\/11\/IMG_6450-Small-300x200.jpg 300w\" sizes=\"(max-width: 720px) 100vw, 720px\" \/><\/figure>\n\n\n\n<p style=\"text-align:center\">Pa\u0161nike so krave \u017ee zapustile in zvok  zvoncev je utihnil do naslednje pa\u0161ne sezone.  Ti\u0161ina tu je prav globoka. <\/p>\n\n\n\n<ul class=\"wp-block-gallery columns-3 is-cropped wp-block-gallery-9 is-layout-flex\"><li class=\"blocks-gallery-item\"><figure><img decoding=\"async\" loading=\"lazy\" width=\"720\" height=\"480\" src=\"http:\/\/milenacapuder.si\/wp-content\/uploads\/2020\/11\/IMG_6453-Small.jpg\" alt=\"\" data-id=\"13168\" data-link=\"http:\/\/milenacapuder.si\/?attachment_id=13168#main\" class=\"wp-image-13168\" srcset=\"https:\/\/milenacapuder.si\/wp-content\/uploads\/2020\/11\/IMG_6453-Small.jpg 720w, https:\/\/milenacapuder.si\/wp-content\/uploads\/2020\/11\/IMG_6453-Small-300x200.jpg 300w\" sizes=\"(max-width: 720px) 100vw, 720px\" \/><\/figure><\/li><li class=\"blocks-gallery-item\"><figure><img decoding=\"async\" loading=\"lazy\" width=\"720\" height=\"480\" src=\"http:\/\/milenacapuder.si\/wp-content\/uploads\/2020\/11\/IMG_6456-Small.jpg\" alt=\"\" data-id=\"13171\" data-link=\"http:\/\/milenacapuder.si\/?attachment_id=13171#main\" class=\"wp-image-13171\" srcset=\"https:\/\/milenacapuder.si\/wp-content\/uploads\/2020\/11\/IMG_6456-Small.jpg 720w, https:\/\/milenacapuder.si\/wp-content\/uploads\/2020\/11\/IMG_6456-Small-300x200.jpg 300w\" sizes=\"(max-width: 720px) 100vw, 720px\" \/><\/figure><\/li><li class=\"blocks-gallery-item\"><figure><img decoding=\"async\" loading=\"lazy\" width=\"720\" height=\"480\" src=\"http:\/\/milenacapuder.si\/wp-content\/uploads\/2020\/11\/IMG_6454-Small.jpg\" alt=\"\" data-id=\"13169\" data-link=\"http:\/\/milenacapuder.si\/?attachment_id=13169#main\" class=\"wp-image-13169\" srcset=\"https:\/\/milenacapuder.si\/wp-content\/uploads\/2020\/11\/IMG_6454-Small.jpg 720w, https:\/\/milenacapuder.si\/wp-content\/uploads\/2020\/11\/IMG_6454-Small-300x200.jpg 300w\" sizes=\"(max-width: 720px) 100vw, 720px\" \/><\/figure><\/li><\/ul>\n\n\n\n<p style=\"text-align:center\">Pokrajina je valovita,  primerna za sprehode. Opazovanje okolice  nas presene\u010da na vsakem koraku. Gozdovi,  jase,  vrta\u010de, kamniti zidovi, gozdne stezice in va\u0161ke poti,&#8230;.<\/p>\n\n\n\n<figure class=\"wp-block-image\"><img decoding=\"async\" loading=\"lazy\" width=\"720\" height=\"480\" src=\"http:\/\/milenacapuder.si\/wp-content\/uploads\/2020\/11\/IMG_6455-Small.jpg\" alt=\"\" class=\"wp-image-13170\" srcset=\"https:\/\/milenacapuder.si\/wp-content\/uploads\/2020\/11\/IMG_6455-Small.jpg 720w, https:\/\/milenacapuder.si\/wp-content\/uploads\/2020\/11\/IMG_6455-Small-300x200.jpg 300w\" sizes=\"(max-width: 720px) 100vw, 720px\" \/><\/figure>\n\n\n\n<p style=\"text-align:center\">Na zahodu &#8211; mogo\u010dni Stor\u017ei\u010d<\/p>\n\n\n\n<figure class=\"wp-block-image\"><img decoding=\"async\" loading=\"lazy\" width=\"720\" height=\"480\" src=\"http:\/\/milenacapuder.si\/wp-content\/uploads\/2020\/11\/IMG_6459-Small.jpg\" alt=\"\" class=\"wp-image-13172\" srcset=\"https:\/\/milenacapuder.si\/wp-content\/uploads\/2020\/11\/IMG_6459-Small.jpg 720w, https:\/\/milenacapuder.si\/wp-content\/uploads\/2020\/11\/IMG_6459-Small-300x200.jpg 300w\" sizes=\"(max-width: 720px) 100vw, 720px\" \/><\/figure>\n\n\n\n<ul class=\"wp-block-gallery columns-2 is-cropped wp-block-gallery-11 is-layout-flex\"><li class=\"blocks-gallery-item\"><figure><img decoding=\"async\" loading=\"lazy\" width=\"720\" height=\"480\" src=\"http:\/\/milenacapuder.si\/wp-content\/uploads\/2020\/11\/IMG_6456-Small.jpg\" alt=\"\" data-id=\"13171\" data-link=\"http:\/\/milenacapuder.si\/?attachment_id=13171#main\" class=\"wp-image-13171\" srcset=\"https:\/\/milenacapuder.si\/wp-content\/uploads\/2020\/11\/IMG_6456-Small.jpg 720w, https:\/\/milenacapuder.si\/wp-content\/uploads\/2020\/11\/IMG_6456-Small-300x200.jpg 300w\" sizes=\"(max-width: 720px) 100vw, 720px\" \/><\/figure><\/li><li class=\"blocks-gallery-item\"><figure><img decoding=\"async\" loading=\"lazy\" width=\"718\" height=\"408\" src=\"http:\/\/milenacapuder.si\/wp-content\/uploads\/2020\/11\/IMG_6460-Small.jpg\" alt=\"\" data-id=\"13173\" data-link=\"http:\/\/milenacapuder.si\/?attachment_id=13173#main\" class=\"wp-image-13173\" srcset=\"https:\/\/milenacapuder.si\/wp-content\/uploads\/2020\/11\/IMG_6460-Small.jpg 718w, https:\/\/milenacapuder.si\/wp-content\/uploads\/2020\/11\/IMG_6460-Small-300x170.jpg 300w\" sizes=\"(max-width: 718px) 100vw, 718px\" \/><\/figure><\/li><\/ul>\n\n\n\n<figure class=\"wp-block-image\"><img decoding=\"async\" loading=\"lazy\" width=\"718\" height=\"438\" src=\"http:\/\/milenacapuder.si\/wp-content\/uploads\/2020\/11\/IMG_6461-Small.jpg\" alt=\"\" class=\"wp-image-13174\" srcset=\"https:\/\/milenacapuder.si\/wp-content\/uploads\/2020\/11\/IMG_6461-Small.jpg 718w, https:\/\/milenacapuder.si\/wp-content\/uploads\/2020\/11\/IMG_6461-Small-300x183.jpg 300w\" sizes=\"(max-width: 718px) 100vw, 718px\" \/><\/figure>\n\n\n\n<p style=\"text-align:center\">Na severu pa Ko\u010dna, Grintavec, Skuta in desno  Kal\u0161ki greben<\/p>\n\n\n\n<figure class=\"wp-block-image\"><img decoding=\"async\" loading=\"lazy\" width=\"720\" height=\"480\" src=\"http:\/\/milenacapuder.si\/wp-content\/uploads\/2020\/11\/IMG_6463-Small.jpg\" alt=\"\" class=\"wp-image-13175\" srcset=\"https:\/\/milenacapuder.si\/wp-content\/uploads\/2020\/11\/IMG_6463-Small.jpg 720w, https:\/\/milenacapuder.si\/wp-content\/uploads\/2020\/11\/IMG_6463-Small-300x200.jpg 300w\" sizes=\"(max-width: 720px) 100vw, 720px\" \/><\/figure>\n\n\n\n<p style=\"text-align:center\">Na vzhodu pa znameniti Krvavec, ki je v teh \u010dasih mo\u010dno oblegan. To je kraj, ki nam jeseni nudi \u010dudovite razglede na morje megle v dolinah.  Da  pre\u010dudovitih son\u010dnih zahodov sploh ne omenjam \ud83d\ude42<\/p>\n\n\n\n<div class=\"wp-block-image\"><figure class=\"aligncenter\"><img decoding=\"async\" loading=\"lazy\" width=\"480\" height=\"720\" src=\"http:\/\/milenacapuder.si\/wp-content\/uploads\/2020\/11\/IMG_6464-Small.jpg\" alt=\"\" class=\"wp-image-13176\" srcset=\"https:\/\/milenacapuder.si\/wp-content\/uploads\/2020\/11\/IMG_6464-Small.jpg 480w, https:\/\/milenacapuder.si\/wp-content\/uploads\/2020\/11\/IMG_6464-Small-200x300.jpg 200w\" sizes=\"(max-width: 480px) 100vw, 480px\" \/><\/figure><\/div>\n\n\n\n<ul class=\"wp-block-gallery columns-2 is-cropped wp-block-gallery-13 is-layout-flex\"><li class=\"blocks-gallery-item\"><figure><img decoding=\"async\" loading=\"lazy\" width=\"480\" height=\"720\" src=\"http:\/\/milenacapuder.si\/wp-content\/uploads\/2020\/11\/IMG_6465-Small.jpg\" alt=\"\" data-id=\"13177\" data-link=\"http:\/\/milenacapuder.si\/?attachment_id=13177#main\" class=\"wp-image-13177\" srcset=\"https:\/\/milenacapuder.si\/wp-content\/uploads\/2020\/11\/IMG_6465-Small.jpg 480w, https:\/\/milenacapuder.si\/wp-content\/uploads\/2020\/11\/IMG_6465-Small-200x300.jpg 200w\" sizes=\"(max-width: 480px) 100vw, 480px\" \/><\/figure><\/li><li class=\"blocks-gallery-item\"><figure><img decoding=\"async\" loading=\"lazy\" width=\"480\" height=\"720\" src=\"http:\/\/milenacapuder.si\/wp-content\/uploads\/2020\/11\/IMG_6467-Small.jpg\" alt=\"\" data-id=\"13178\" data-link=\"http:\/\/milenacapuder.si\/?attachment_id=13178#main\" class=\"wp-image-13178\" srcset=\"https:\/\/milenacapuder.si\/wp-content\/uploads\/2020\/11\/IMG_6467-Small.jpg 480w, https:\/\/milenacapuder.si\/wp-content\/uploads\/2020\/11\/IMG_6467-Small-200x300.jpg 200w\" sizes=\"(max-width: 480px) 100vw, 480px\" \/><\/figure><\/li><\/ul>\n\n\n\n<p style=\"text-align:center\">Na \u0160tefanji gori je lepo opazovati menjavanje letnih \u010dasov. Opazovati pomladno prebujanje, poletno dozorevanje, jesensko umirjanje in zimski po\u010ditek narave.<\/p>\n\n\n\n<p style=\"text-align:center\"> Do\u017eivetje te okolice se te dotakne na prav poseben na\u010din.<\/p>\n","protected":false},"excerpt":{"rendered":"<p>\u010cudni \u010dasi &#8211; koronski \u010dasi! Prepoved gibanja izven svoje ob\u010dine je prizadela masikoga. Imamo sre\u010do, da \u017eivimo v cerkljanski ob\u010dini, kjer je lepih koti\u010dkov narave v izobilju. Imamo gore,planine, hribe, imamo gozdove, ravnice in polja, lepe vasice, jezera, veliko kolesarskih in sprehajalnih poti, gradove in parke&#8230;. Tako lepega popoldneva bi bilo \u0161koda neizkoristiti. Kratek sprehod [&hellip;]<\/p>\n","protected":false},"author":1,"featured_media":13162,"comment_status":"closed","ping_status":"closed","sticky":false,"template":"","format":"standard","meta":[],"categories":[3,6],"tags":[],"_links":{"self":[{"href":"https:\/\/milenacapuder.si\/index.php?rest_route=\/wp\/v2\/posts\/13179"}],"collection":[{"href":"https:\/\/milenacapuder.si\/index.php?rest_route=\/wp\/v2\/posts"}],"about":[{"href":"https:\/\/milenacapuder.si\/index.php?rest_route=\/wp\/v2\/types\/post"}],"author":[{"embeddable":true,"href":"https:\/\/milenacapuder.si\/index.php?rest_route=\/wp\/v2\/users\/1"}],"replies":[{"embeddable":true,"href":"https:\/\/milenacapuder.si\/index.php?rest_route=%2Fwp%2Fv2%2Fcomments&post=13179"}],"version-history":[{"count":7,"href":"https:\/\/milenacapuder.si\/index.php?rest_route=\/wp\/v2\/posts\/13179\/revisions"}],"predecessor-version":[{"id":13188,"href":"https:\/\/milenacapuder.si\/index.php?rest_route=\/wp\/v2\/posts\/13179\/revisions\/13188"}],"wp:featuredmedia":[{"embeddable":true,"href":"https:\/\/milenacapuder.si\/index.php?rest_route=\/wp\/v2\/media\/13162"}],"wp:attachment":[{"href":"https:\/\/milenacapuder.si\/index.php?rest_route=%2Fwp%2Fv2%2Fmedia&parent=13179"}],"wp:term":[{"taxonomy":"category","embeddable":true,"href":"https:\/\/milenacapuder.si\/index.php?rest_route=%2Fwp%2Fv2%2Fcategories&post=13179"},{"taxonomy":"post_tag","embeddable":true,"href":"https:\/\/milenacapuder.si\/index.php?rest_route=%2Fwp%2Fv2%2Ftags&post=13179"}],"curies":[{"name":"wp","href":"https:\/\/api.w.org\/{rel}","templated":true}]}}