{"id":13377,"date":"2021-01-03T13:51:59","date_gmt":"2021-01-03T13:51:59","guid":{"rendered":"http:\/\/milenacapuder.si\/?p=13377"},"modified":"2021-01-03T14:45:24","modified_gmt":"2021-01-03T14:45:24","slug":"13377","status":"publish","type":"post","link":"https:\/\/milenacapuder.si\/?p=13377","title":{"rendered":"Razgled na Jamnik"},"content":{"rendered":"\n<p style=\"text-align:center\">Vedno \u010dudovit \ud83d\ude42<\/p>\n\n\n\n<figure class=\"wp-block-image\"><img decoding=\"async\" loading=\"lazy\" width=\"720\" height=\"480\" src=\"http:\/\/milenacapuder.si\/wp-content\/uploads\/2021\/01\/IMG_6473-Small.jpg\" alt=\"\" class=\"wp-image-13378\" srcset=\"https:\/\/milenacapuder.si\/wp-content\/uploads\/2021\/01\/IMG_6473-Small.jpg 720w, https:\/\/milenacapuder.si\/wp-content\/uploads\/2021\/01\/IMG_6473-Small-300x200.jpg 300w\" sizes=\"(max-width: 720px) 100vw, 720px\" \/><\/figure>\n\n\n\n<p style=\"text-align:center\"> Cerkev sv. Primo\u017ea in Felicijana na Jamniku privla\u010di poglede iz vseh strani gorenjske ni\u017eine.  Cerkev ponosno stoji na travnatem podo\u010dju kot na pomolu. Takoj za njo se breg mo\u010dno spusti proti dolini. Zato so razgledi s te to\u010dke osupljivi na ostale lepote na\u0161e domovine.<\/p>\n\n\n\n<ul class=\"wp-block-gallery columns-1 is-cropped wp-block-gallery-1 is-layout-flex\"><li class=\"blocks-gallery-item\"><figure><img decoding=\"async\" loading=\"lazy\" width=\"720\" height=\"480\" src=\"http:\/\/milenacapuder.si\/wp-content\/uploads\/2021\/01\/IMG_6475-Small.jpg\" alt=\"\" data-id=\"13380\" data-link=\"http:\/\/milenacapuder.si\/?attachment_id=13380#main\" class=\"wp-image-13380\" srcset=\"https:\/\/milenacapuder.si\/wp-content\/uploads\/2021\/01\/IMG_6475-Small.jpg 720w, https:\/\/milenacapuder.si\/wp-content\/uploads\/2021\/01\/IMG_6475-Small-300x200.jpg 300w\" sizes=\"(max-width: 720px) 100vw, 720px\" \/><\/figure><\/li><\/ul>\n\n\n\n<ul class=\"wp-block-gallery columns-2 is-cropped wp-block-gallery-3 is-layout-flex\"><li class=\"blocks-gallery-item\"><figure><img decoding=\"async\" loading=\"lazy\" width=\"480\" height=\"720\" src=\"http:\/\/milenacapuder.si\/wp-content\/uploads\/2021\/01\/IMG_6518-Small.jpg\" alt=\"\" data-id=\"13407\" data-link=\"http:\/\/milenacapuder.si\/?attachment_id=13407#main\" class=\"wp-image-13407\" srcset=\"https:\/\/milenacapuder.si\/wp-content\/uploads\/2021\/01\/IMG_6518-Small.jpg 480w, https:\/\/milenacapuder.si\/wp-content\/uploads\/2021\/01\/IMG_6518-Small-200x300.jpg 200w\" sizes=\"(max-width: 480px) 100vw, 480px\" \/><\/figure><\/li><li class=\"blocks-gallery-item\"><figure><img decoding=\"async\" loading=\"lazy\" width=\"703\" height=\"469\" src=\"http:\/\/milenacapuder.si\/wp-content\/uploads\/2021\/01\/IMG_6508-Small.jpg\" alt=\"\" data-id=\"13402\" data-link=\"http:\/\/milenacapuder.si\/?attachment_id=13402#main\" class=\"wp-image-13402\" srcset=\"https:\/\/milenacapuder.si\/wp-content\/uploads\/2021\/01\/IMG_6508-Small.jpg 703w, https:\/\/milenacapuder.si\/wp-content\/uploads\/2021\/01\/IMG_6508-Small-300x200.jpg 300w\" sizes=\"(max-width: 703px) 100vw, 703px\" \/><\/figure><\/li><\/ul>\n\n\n\n<p style=\"text-align:center\">Tokrat  smo Jamnik opazovali lahko z dveh strani.  Na son\u010dni strani, kjer je vladalo pomladno vzdu\u0161je in s severne, kjer je tanka sne\u017ena odeja pokrivala travnato pobo\u010dje.<\/p>\n\n\n\n<figure class=\"wp-block-image\"><img decoding=\"async\" loading=\"lazy\" width=\"720\" height=\"480\" src=\"http:\/\/milenacapuder.si\/wp-content\/uploads\/2021\/01\/IMG_6478-Small.jpg\" alt=\"\" class=\"wp-image-13382\" srcset=\"https:\/\/milenacapuder.si\/wp-content\/uploads\/2021\/01\/IMG_6478-Small.jpg 720w, https:\/\/milenacapuder.si\/wp-content\/uploads\/2021\/01\/IMG_6478-Small-300x200.jpg 300w\" sizes=\"(max-width: 720px) 100vw, 720px\" \/><\/figure>\n\n\n\n<figure class=\"wp-block-image\"><img decoding=\"async\" loading=\"lazy\" width=\"720\" height=\"480\" src=\"http:\/\/milenacapuder.si\/wp-content\/uploads\/2021\/01\/IMG_6482-Small.jpg\" alt=\"\" class=\"wp-image-13383\" srcset=\"https:\/\/milenacapuder.si\/wp-content\/uploads\/2021\/01\/IMG_6482-Small.jpg 720w, https:\/\/milenacapuder.si\/wp-content\/uploads\/2021\/01\/IMG_6482-Small-300x200.jpg 300w\" sizes=\"(max-width: 720px) 100vw, 720px\" \/><\/figure>\n\n\n\n<p style=\"text-align:center\">Vzhodno pobo\u010dje Jelovice, kjer so v preteklosti doma\u010dini  v jamah kopali \u017eelezno rudo . Od tod izhaja ime te gorske vasice.<\/p>\n\n\n\n<figure class=\"wp-block-image\"><img decoding=\"async\" loading=\"lazy\" width=\"720\" height=\"480\" src=\"http:\/\/milenacapuder.si\/wp-content\/uploads\/2021\/01\/IMG_6490-Small.jpg\" alt=\"\" class=\"wp-image-13388\" srcset=\"https:\/\/milenacapuder.si\/wp-content\/uploads\/2021\/01\/IMG_6490-Small.jpg 720w, https:\/\/milenacapuder.si\/wp-content\/uploads\/2021\/01\/IMG_6490-Small-300x200.jpg 300w\" sizes=\"(max-width: 720px) 100vw, 720px\" \/><\/figure>\n\n\n\n<p style=\"text-align:center\">Stol<\/p>\n\n\n\n<div class=\"wp-block-image\"><figure class=\"aligncenter\"><img decoding=\"async\" loading=\"lazy\" width=\"480\" height=\"720\" src=\"http:\/\/milenacapuder.si\/wp-content\/uploads\/2021\/01\/IMG_6484-Small.jpg\" alt=\"\" class=\"wp-image-13384\" srcset=\"https:\/\/milenacapuder.si\/wp-content\/uploads\/2021\/01\/IMG_6484-Small.jpg 480w, https:\/\/milenacapuder.si\/wp-content\/uploads\/2021\/01\/IMG_6484-Small-200x300.jpg 200w\" sizes=\"(max-width: 480px) 100vw, 480px\" \/><\/figure><\/div>\n\n\n\n<p style=\"text-align:center\">V ozadju pobo\u010dje Stor\u017ei\u010da. Vrh se skriva v megli.<\/p>\n\n\n\n<ul class=\"wp-block-gallery columns-1 is-cropped wp-block-gallery-5 is-layout-flex\"><li class=\"blocks-gallery-item\"><figure><img decoding=\"async\" loading=\"lazy\" width=\"720\" height=\"480\" src=\"http:\/\/milenacapuder.si\/wp-content\/uploads\/2021\/01\/IMG_6486-Small.jpg\" alt=\"\" data-id=\"13385\" data-link=\"http:\/\/milenacapuder.si\/?attachment_id=13385#main\" class=\"wp-image-13385\" srcset=\"https:\/\/milenacapuder.si\/wp-content\/uploads\/2021\/01\/IMG_6486-Small.jpg 720w, https:\/\/milenacapuder.si\/wp-content\/uploads\/2021\/01\/IMG_6486-Small-300x200.jpg 300w\" sizes=\"(max-width: 720px) 100vw, 720px\" \/><\/figure><\/li><\/ul>\n\n\n\n<ul class=\"wp-block-gallery columns-1 is-cropped wp-block-gallery-7 is-layout-flex\"><li class=\"blocks-gallery-item\"><figure><img decoding=\"async\" loading=\"lazy\" width=\"720\" height=\"480\" src=\"http:\/\/milenacapuder.si\/wp-content\/uploads\/2021\/01\/IMG_6492-Small.jpg\" alt=\"\" data-id=\"13389\" data-link=\"http:\/\/milenacapuder.si\/?attachment_id=13389#main\" class=\"wp-image-13389\" srcset=\"https:\/\/milenacapuder.si\/wp-content\/uploads\/2021\/01\/IMG_6492-Small.jpg 720w, https:\/\/milenacapuder.si\/wp-content\/uploads\/2021\/01\/IMG_6492-Small-300x200.jpg 300w\" sizes=\"(max-width: 720px) 100vw, 720px\" \/><\/figure><\/li><\/ul>\n\n\n\n<figure class=\"wp-block-image\"><img decoding=\"async\" loading=\"lazy\" width=\"720\" height=\"480\" src=\"http:\/\/milenacapuder.si\/wp-content\/uploads\/2021\/01\/IMG_6504-Small.jpg\" alt=\"\" class=\"wp-image-13399\" srcset=\"https:\/\/milenacapuder.si\/wp-content\/uploads\/2021\/01\/IMG_6504-Small.jpg 720w, https:\/\/milenacapuder.si\/wp-content\/uploads\/2021\/01\/IMG_6504-Small-300x200.jpg 300w\" sizes=\"(max-width: 720px) 100vw, 720px\" \/><\/figure>\n\n\n\n<p style=\"text-align:center\">Lepo vidni  lepi izletni\u0161ki to\u010dki v bli\u017eini Jamnika, Jo\u0161t in \u0160marjetna gora.<\/p>\n\n\n\n<figure class=\"wp-block-image\"><img decoding=\"async\" loading=\"lazy\" width=\"708\" height=\"472\" src=\"http:\/\/milenacapuder.si\/wp-content\/uploads\/2021\/01\/IMG_6507-Small.jpg\" alt=\"\" class=\"wp-image-13401\" srcset=\"https:\/\/milenacapuder.si\/wp-content\/uploads\/2021\/01\/IMG_6507-Small.jpg 708w, https:\/\/milenacapuder.si\/wp-content\/uploads\/2021\/01\/IMG_6507-Small-300x200.jpg 300w\" sizes=\"(max-width: 708px) 100vw, 708px\" \/><\/figure>\n\n\n\n<div class=\"wp-block-image\"><figure class=\"aligncenter\"><img decoding=\"async\" loading=\"lazy\" width=\"480\" height=\"720\" src=\"http:\/\/milenacapuder.si\/wp-content\/uploads\/2021\/01\/IMG_6494-Small.jpg\" alt=\"\" class=\"wp-image-13391\" srcset=\"https:\/\/milenacapuder.si\/wp-content\/uploads\/2021\/01\/IMG_6494-Small.jpg 480w, https:\/\/milenacapuder.si\/wp-content\/uploads\/2021\/01\/IMG_6494-Small-200x300.jpg 200w\" sizes=\"(max-width: 480px) 100vw, 480px\" \/><\/figure><\/div>\n\n\n\n<p style=\"text-align:center\">Kal\u0161ki greben, kot bi bil povsem za Jamnikom.<\/p>\n\n\n\n<figure class=\"wp-block-image\"><img decoding=\"async\" loading=\"lazy\" width=\"710\" height=\"368\" src=\"http:\/\/milenacapuder.si\/wp-content\/uploads\/2021\/01\/IMG_6495-Small.jpg\" alt=\"\" class=\"wp-image-13392\" srcset=\"https:\/\/milenacapuder.si\/wp-content\/uploads\/2021\/01\/IMG_6495-Small.jpg 710w, https:\/\/milenacapuder.si\/wp-content\/uploads\/2021\/01\/IMG_6495-Small-300x155.jpg 300w\" sizes=\"(max-width: 710px) 100vw, 710px\" \/><\/figure>\n\n\n\n<p style=\"text-align:center\">Dobesedno pogled na Gorenjsko iz balkona&#8230;<\/p>\n\n\n\n<ul class=\"wp-block-gallery columns-2 is-cropped wp-block-gallery-9 is-layout-flex\"><li class=\"blocks-gallery-item\"><figure><img decoding=\"async\" loading=\"lazy\" width=\"462\" height=\"694\" src=\"http:\/\/milenacapuder.si\/wp-content\/uploads\/2021\/01\/IMG_6501-Small.jpg\" alt=\"\" data-id=\"13396\" data-link=\"http:\/\/milenacapuder.si\/?attachment_id=13396#main\" class=\"wp-image-13396\" srcset=\"https:\/\/milenacapuder.si\/wp-content\/uploads\/2021\/01\/IMG_6501-Small.jpg 462w, https:\/\/milenacapuder.si\/wp-content\/uploads\/2021\/01\/IMG_6501-Small-200x300.jpg 200w\" sizes=\"(max-width: 462px) 100vw, 462px\" \/><\/figure><\/li><li class=\"blocks-gallery-item\"><figure><img decoding=\"async\" loading=\"lazy\" width=\"472\" height=\"708\" src=\"http:\/\/milenacapuder.si\/wp-content\/uploads\/2021\/01\/IMG_6497-Small.jpg\" alt=\"\" data-id=\"13393\" data-link=\"http:\/\/milenacapuder.si\/?attachment_id=13393#main\" class=\"wp-image-13393\" srcset=\"https:\/\/milenacapuder.si\/wp-content\/uploads\/2021\/01\/IMG_6497-Small.jpg 472w, https:\/\/milenacapuder.si\/wp-content\/uploads\/2021\/01\/IMG_6497-Small-200x300.jpg 200w\" sizes=\"(max-width: 472px) 100vw, 472px\" \/><\/figure><\/li><\/ul>\n\n\n\n<figure class=\"wp-block-image\"><img decoding=\"async\" loading=\"lazy\" width=\"720\" height=\"480\" src=\"http:\/\/milenacapuder.si\/wp-content\/uploads\/2021\/01\/IMG_6502-Small.jpg\" alt=\"\" class=\"wp-image-13397\" srcset=\"https:\/\/milenacapuder.si\/wp-content\/uploads\/2021\/01\/IMG_6502-Small.jpg 720w, https:\/\/milenacapuder.si\/wp-content\/uploads\/2021\/01\/IMG_6502-Small-300x200.jpg 300w\" sizes=\"(max-width: 720px) 100vw, 720px\" \/><\/figure>\n\n\n\n<p style=\"text-align:center\">Ko\u0161utin hrbet na severu, ki nas lo\u010duje od sen\u010dene strani Alp &#8211; Avstrije.<\/p>\n\n\n\n<ul class=\"wp-block-gallery columns-1 is-cropped wp-block-gallery-11 is-layout-flex\"><li class=\"blocks-gallery-item\"><figure><img decoding=\"async\" loading=\"lazy\" width=\"720\" height=\"480\" src=\"http:\/\/milenacapuder.si\/wp-content\/uploads\/2021\/01\/IMG_6498-Small.jpg\" alt=\"\" data-id=\"13394\" data-link=\"http:\/\/milenacapuder.si\/?attachment_id=13394#main\" class=\"wp-image-13394\" srcset=\"https:\/\/milenacapuder.si\/wp-content\/uploads\/2021\/01\/IMG_6498-Small.jpg 720w, https:\/\/milenacapuder.si\/wp-content\/uploads\/2021\/01\/IMG_6498-Small-300x200.jpg 300w\" sizes=\"(max-width: 720px) 100vw, 720px\" \/><\/figure><\/li><\/ul>\n\n\n\n<p style=\"text-align:center\">Zimski ambient in pogled na vzhod proti Kamni\u0161ko Savinskim alpam.<\/p>\n\n\n\n<div class=\"wp-block-image\"><figure class=\"aligncenter\"><img decoding=\"async\" loading=\"lazy\" width=\"720\" height=\"480\" src=\"http:\/\/milenacapuder.si\/wp-content\/uploads\/2021\/01\/IMG_6511-Small.jpg\" alt=\"\" class=\"wp-image-13403\" srcset=\"https:\/\/milenacapuder.si\/wp-content\/uploads\/2021\/01\/IMG_6511-Small.jpg 720w, https:\/\/milenacapuder.si\/wp-content\/uploads\/2021\/01\/IMG_6511-Small-300x200.jpg 300w\" sizes=\"(max-width: 720px) 100vw, 720px\" \/><\/figure><\/div>\n\n\n\n<figure class=\"wp-block-image\"><img decoding=\"async\" loading=\"lazy\" width=\"720\" height=\"480\" src=\"http:\/\/milenacapuder.si\/wp-content\/uploads\/2021\/01\/IMG_6503-Small.jpg\" alt=\"\" class=\"wp-image-13398\" srcset=\"https:\/\/milenacapuder.si\/wp-content\/uploads\/2021\/01\/IMG_6503-Small.jpg 720w, https:\/\/milenacapuder.si\/wp-content\/uploads\/2021\/01\/IMG_6503-Small-300x200.jpg 300w\" sizes=\"(max-width: 720px) 100vw, 720px\" \/><\/figure>\n\n\n\n<p style=\"text-align:center\">Pogled proti Kri\u0161ki planini in Tolstemu vrhu<\/p>\n\n\n\n<div class=\"wp-block-image\"><figure class=\"aligncenter\"><img decoding=\"async\" loading=\"lazy\" width=\"462\" height=\"694\" src=\"http:\/\/milenacapuder.si\/wp-content\/uploads\/2021\/01\/IMG_6505-Small.jpg\" alt=\"\" class=\"wp-image-13400\" srcset=\"https:\/\/milenacapuder.si\/wp-content\/uploads\/2021\/01\/IMG_6505-Small.jpg 462w, https:\/\/milenacapuder.si\/wp-content\/uploads\/2021\/01\/IMG_6505-Small-200x300.jpg 200w\" sizes=\"(max-width: 462px) 100vw, 462px\" \/><\/figure><\/div>\n\n\n\n<figure class=\"wp-block-image\"><img decoding=\"async\" loading=\"lazy\" width=\"703\" height=\"469\" src=\"http:\/\/milenacapuder.si\/wp-content\/uploads\/2021\/01\/IMG_6513-Small.jpg\" alt=\"\" class=\"wp-image-13404\" srcset=\"https:\/\/milenacapuder.si\/wp-content\/uploads\/2021\/01\/IMG_6513-Small.jpg 703w, https:\/\/milenacapuder.si\/wp-content\/uploads\/2021\/01\/IMG_6513-Small-300x200.jpg 300w\" sizes=\"(max-width: 703px) 100vw, 703px\" \/><\/figure>\n\n\n\n<figure class=\"wp-block-image\"><img decoding=\"async\" loading=\"lazy\" width=\"694\" height=\"462\" src=\"http:\/\/milenacapuder.si\/wp-content\/uploads\/2021\/01\/IMG_6522-Small.jpg\" alt=\"\" class=\"wp-image-13409\" srcset=\"https:\/\/milenacapuder.si\/wp-content\/uploads\/2021\/01\/IMG_6522-Small.jpg 694w, https:\/\/milenacapuder.si\/wp-content\/uploads\/2021\/01\/IMG_6522-Small-300x200.jpg 300w\" sizes=\"(max-width: 694px) 100vw, 694px\" \/><\/figure>\n\n\n\n<ul class=\"wp-block-gallery columns-1 is-cropped wp-block-gallery-13 is-layout-flex\"><li class=\"blocks-gallery-item\"><figure><img decoding=\"async\" loading=\"lazy\" width=\"720\" height=\"480\" src=\"http:\/\/milenacapuder.si\/wp-content\/uploads\/2021\/01\/IMG_6524-Small.jpg\" alt=\"\" data-id=\"13411\" data-link=\"http:\/\/milenacapuder.si\/?attachment_id=13411#main\" class=\"wp-image-13411\" srcset=\"https:\/\/milenacapuder.si\/wp-content\/uploads\/2021\/01\/IMG_6524-Small.jpg 720w, https:\/\/milenacapuder.si\/wp-content\/uploads\/2021\/01\/IMG_6524-Small-300x200.jpg 300w\" sizes=\"(max-width: 720px) 100vw, 720px\" \/><\/figure><\/li><\/ul>\n\n\n\n<div class=\"wp-block-image\"><figure class=\"aligncenter\"><img decoding=\"async\" loading=\"lazy\" width=\"480\" height=\"720\" src=\"http:\/\/milenacapuder.si\/wp-content\/uploads\/2021\/01\/IMG_6523-Small.jpg\" alt=\"\" class=\"wp-image-13410\" srcset=\"https:\/\/milenacapuder.si\/wp-content\/uploads\/2021\/01\/IMG_6523-Small.jpg 480w, https:\/\/milenacapuder.si\/wp-content\/uploads\/2021\/01\/IMG_6523-Small-200x300.jpg 200w\" sizes=\"(max-width: 480px) 100vw, 480px\" \/><\/figure><\/div>\n\n\n\n<div class=\"wp-block-image\"><figure class=\"aligncenter\"><img decoding=\"async\" loading=\"lazy\" width=\"469\" height=\"703\" src=\"http:\/\/milenacapuder.si\/wp-content\/uploads\/2021\/01\/IMG_6525-Small.jpg\" alt=\"\" class=\"wp-image-13412\" srcset=\"https:\/\/milenacapuder.si\/wp-content\/uploads\/2021\/01\/IMG_6525-Small.jpg 469w, https:\/\/milenacapuder.si\/wp-content\/uploads\/2021\/01\/IMG_6525-Small-200x300.jpg 200w\" sizes=\"(max-width: 469px) 100vw, 469px\" \/><\/figure><\/div>\n\n\n\n<p style=\"text-align:center\">Naslednji\u010d pa v objektiv ujamem Jamnik v povsem druga\u010dnem ambientu. Ne vem pa \u0161e ali bo povsem bel ali zelen.<\/p>\n","protected":false},"excerpt":{"rendered":"<p>Vedno \u010dudovit \ud83d\ude42 Cerkev sv. Primo\u017ea in Felicijana na Jamniku privla\u010di poglede iz vseh strani gorenjske ni\u017eine. Cerkev ponosno stoji na travnatem podo\u010dju kot na pomolu. Takoj za njo se breg mo\u010dno spusti proti dolini. Zato so razgledi s te to\u010dke osupljivi na ostale lepote na\u0161e domovine. Tokrat smo Jamnik opazovali lahko z dveh strani. [&hellip;]<\/p>\n","protected":false},"author":1,"featured_media":13408,"comment_status":"closed","ping_status":"closed","sticky":false,"template":"","format":"standard","meta":[],"categories":[3],"tags":[],"_links":{"self":[{"href":"https:\/\/milenacapuder.si\/index.php?rest_route=\/wp\/v2\/posts\/13377"}],"collection":[{"href":"https:\/\/milenacapuder.si\/index.php?rest_route=\/wp\/v2\/posts"}],"about":[{"href":"https:\/\/milenacapuder.si\/index.php?rest_route=\/wp\/v2\/types\/post"}],"author":[{"embeddable":true,"href":"https:\/\/milenacapuder.si\/index.php?rest_route=\/wp\/v2\/users\/1"}],"replies":[{"embeddable":true,"href":"https:\/\/milenacapuder.si\/index.php?rest_route=%2Fwp%2Fv2%2Fcomments&post=13377"}],"version-history":[{"count":10,"href":"https:\/\/milenacapuder.si\/index.php?rest_route=\/wp\/v2\/posts\/13377\/revisions"}],"predecessor-version":[{"id":13425,"href":"https:\/\/milenacapuder.si\/index.php?rest_route=\/wp\/v2\/posts\/13377\/revisions\/13425"}],"wp:featuredmedia":[{"embeddable":true,"href":"https:\/\/milenacapuder.si\/index.php?rest_route=\/wp\/v2\/media\/13408"}],"wp:attachment":[{"href":"https:\/\/milenacapuder.si\/index.php?rest_route=%2Fwp%2Fv2%2Fmedia&parent=13377"}],"wp:term":[{"taxonomy":"category","embeddable":true,"href":"https:\/\/milenacapuder.si\/index.php?rest_route=%2Fwp%2Fv2%2Fcategories&post=13377"},{"taxonomy":"post_tag","embeddable":true,"href":"https:\/\/milenacapuder.si\/index.php?rest_route=%2Fwp%2Fv2%2Ftags&post=13377"}],"curies":[{"name":"wp","href":"https:\/\/api.w.org\/{rel}","templated":true}]}}