{"id":284,"date":"2014-10-17T17:48:04","date_gmt":"2014-10-17T17:48:04","guid":{"rendered":"http:\/\/milenacapuder.si\/?p=284"},"modified":"2015-06-27T09:55:35","modified_gmt":"2015-06-27T09:55:35","slug":"vecer","status":"publish","type":"post","link":"https:\/\/milenacapuder.si\/?p=284","title":{"rendered":"Ve\u010der"},"content":{"rendered":"<p><a href=\"http:\/\/milenacapuder.si\/wp-content\/uploads\/2014\/10\/DSC00901-Small.jpg\"><img decoding=\"async\" loading=\"lazy\" class=\"alignnone size-full wp-image-285\" src=\"http:\/\/milenacapuder.si\/wp-content\/uploads\/2014\/10\/DSC00901-Small.jpg\" alt=\"DSC00901 (Small)\" width=\"640\" height=\"480\" srcset=\"https:\/\/milenacapuder.si\/wp-content\/uploads\/2014\/10\/DSC00901-Small.jpg 640w, https:\/\/milenacapuder.si\/wp-content\/uploads\/2014\/10\/DSC00901-Small-300x225.jpg 300w\" sizes=\"(max-width: 640px) 100vw, 640px\" \/><\/a><\/p>\n<p style=\"text-align: center;\">Bli\u017eajo se ve\u010deri, ko bo sonce pri\u010daralo lepe son\u010dne zahode- zlato rde\u010de. Miklav\u017e mora kmalu za\u010deti pe\u010di pi\u0161kote, kot so nam v\u010dasih govorili starej\u0161i ko smo gledali rde\u010de oblake.<\/p>\n<p style=\"text-align: center;\"><a href=\"http:\/\/milenacapuder.si\/wp-content\/uploads\/2014\/10\/DSC00908-Small-e1413567885913.jpg\"><img decoding=\"async\" loading=\"lazy\" class=\"alignnone size-full wp-image-286\" src=\"http:\/\/milenacapuder.si\/wp-content\/uploads\/2014\/10\/DSC00908-Small-e1413567885913.jpg\" alt=\"DSC00908 (Small)\" width=\"480\" height=\"640\" srcset=\"https:\/\/milenacapuder.si\/wp-content\/uploads\/2014\/10\/DSC00908-Small-e1413567885913.jpg 480w, https:\/\/milenacapuder.si\/wp-content\/uploads\/2014\/10\/DSC00908-Small-e1413567885913-225x300.jpg 225w\" sizes=\"(max-width: 480px) 100vw, 480px\" \/><\/a><\/p>\n","protected":false},"excerpt":{"rendered":"<p>Bli\u017eajo se ve\u010deri, ko bo sonce pri\u010daralo lepe son\u010dne zahode- zlato rde\u010de. Miklav\u017e mora kmalu za\u010deti pe\u010di pi\u0161kote, kot so nam v\u010dasih govorili starej\u0161i ko smo gledali rde\u010de oblake.<\/p>\n","protected":false},"author":1,"featured_media":285,"comment_status":"open","ping_status":"open","sticky":false,"template":"","format":"standard","meta":[],"categories":[1],"tags":[],"_links":{"self":[{"href":"https:\/\/milenacapuder.si\/index.php?rest_route=\/wp\/v2\/posts\/284"}],"collection":[{"href":"https:\/\/milenacapuder.si\/index.php?rest_route=\/wp\/v2\/posts"}],"about":[{"href":"https:\/\/milenacapuder.si\/index.php?rest_route=\/wp\/v2\/types\/post"}],"author":[{"embeddable":true,"href":"https:\/\/milenacapuder.si\/index.php?rest_route=\/wp\/v2\/users\/1"}],"replies":[{"embeddable":true,"href":"https:\/\/milenacapuder.si\/index.php?rest_route=%2Fwp%2Fv2%2Fcomments&post=284"}],"version-history":[{"count":1,"href":"https:\/\/milenacapuder.si\/index.php?rest_route=\/wp\/v2\/posts\/284\/revisions"}],"predecessor-version":[{"id":287,"href":"https:\/\/milenacapuder.si\/index.php?rest_route=\/wp\/v2\/posts\/284\/revisions\/287"}],"wp:featuredmedia":[{"embeddable":true,"href":"https:\/\/milenacapuder.si\/index.php?rest_route=\/wp\/v2\/media\/285"}],"wp:attachment":[{"href":"https:\/\/milenacapuder.si\/index.php?rest_route=%2Fwp%2Fv2%2Fmedia&parent=284"}],"wp:term":[{"taxonomy":"category","embeddable":true,"href":"https:\/\/milenacapuder.si\/index.php?rest_route=%2Fwp%2Fv2%2Fcategories&post=284"},{"taxonomy":"post_tag","embeddable":true,"href":"https:\/\/milenacapuder.si\/index.php?rest_route=%2Fwp%2Fv2%2Ftags&post=284"}],"curies":[{"name":"wp","href":"https:\/\/api.w.org\/{rel}","templated":true}]}}