{"id":32,"date":"2014-10-08T07:55:22","date_gmt":"2014-10-08T07:55:22","guid":{"rendered":"http:\/\/milenacapuder.si\/?p=32"},"modified":"2015-06-27T09:55:46","modified_gmt":"2015-06-27T09:55:46","slug":"suho-cvetje","status":"publish","type":"post","link":"https:\/\/milenacapuder.si\/?p=32","title":{"rendered":"Suho cvetje"},"content":{"rendered":"<p><a href=\"http:\/\/milenacapuder.si\/wp-content\/uploads\/2014\/10\/DSC08810-Small1.jpg\"><img decoding=\"async\" loading=\"lazy\" class=\"aligncenter size-full wp-image-1018\" src=\"http:\/\/milenacapuder.si\/wp-content\/uploads\/2014\/10\/DSC08810-Small1.jpg\" alt=\"DSC08810 (Small)\" width=\"640\" height=\"480\" srcset=\"https:\/\/milenacapuder.si\/wp-content\/uploads\/2014\/10\/DSC08810-Small1.jpg 640w, https:\/\/milenacapuder.si\/wp-content\/uploads\/2014\/10\/DSC08810-Small1-300x225.jpg 300w\" sizes=\"(max-width: 640px) 100vw, 640px\" \/><\/a><\/p>\n<p style=\"text-align: center;\">Suho cvetje na mojem vrtu mno\u017ei\u010dno privablja \u010debelice. Na njih se spo\u010dijejo tudi utrujene o\u010di. Lepe bodo tudi pozimi kot spomin na leto\u0161nje poletje.<\/p>\n<p style=\"text-align: center;\"><a href=\"http:\/\/milenacapuder.si\/wp-content\/uploads\/2014\/10\/DSC08799-Small.jpg\"><img decoding=\"async\" loading=\"lazy\" class=\"aligncenter size-full wp-image-1019\" src=\"http:\/\/milenacapuder.si\/wp-content\/uploads\/2014\/10\/DSC08799-Small.jpg\" alt=\"DSC08799 (Small)\" width=\"640\" height=\"480\" srcset=\"https:\/\/milenacapuder.si\/wp-content\/uploads\/2014\/10\/DSC08799-Small.jpg 640w, https:\/\/milenacapuder.si\/wp-content\/uploads\/2014\/10\/DSC08799-Small-300x225.jpg 300w\" sizes=\"(max-width: 640px) 100vw, 640px\" \/><\/a><a href=\"http:\/\/milenacapuder.blogspot.si\/files\/2014\/08\/DSC08799-Small.jpg\"><br \/>\n<\/a><a href=\"http:\/\/milenacapuder.si\/wp-content\/uploads\/2014\/10\/DSC08800-Small.jpg\"><img decoding=\"async\" loading=\"lazy\" class=\"aligncenter size-full wp-image-1020\" src=\"http:\/\/milenacapuder.si\/wp-content\/uploads\/2014\/10\/DSC08800-Small.jpg\" alt=\"DSC08800 (Small)\" width=\"640\" height=\"480\" srcset=\"https:\/\/milenacapuder.si\/wp-content\/uploads\/2014\/10\/DSC08800-Small.jpg 640w, https:\/\/milenacapuder.si\/wp-content\/uploads\/2014\/10\/DSC08800-Small-300x225.jpg 300w\" sizes=\"(max-width: 640px) 100vw, 640px\" \/><\/a><a href=\"http:\/\/milenacapuder.blogspot.si\/files\/2014\/08\/DSC08800-Small.jpg\"><br \/>\n<\/a><a href=\"http:\/\/milenacapuder.si\/wp-content\/uploads\/2014\/10\/DSC08812-Small.jpg\"><img decoding=\"async\" loading=\"lazy\" class=\"aligncenter size-full wp-image-1021\" src=\"http:\/\/milenacapuder.si\/wp-content\/uploads\/2014\/10\/DSC08812-Small.jpg\" alt=\"DSC08812 (Small)\" width=\"640\" height=\"480\" srcset=\"https:\/\/milenacapuder.si\/wp-content\/uploads\/2014\/10\/DSC08812-Small.jpg 640w, https:\/\/milenacapuder.si\/wp-content\/uploads\/2014\/10\/DSC08812-Small-300x225.jpg 300w\" sizes=\"(max-width: 640px) 100vw, 640px\" \/><\/a><a href=\"http:\/\/milenacapuder.blogspot.si\/files\/2014\/08\/DSC08812-Small.jpg\"><br \/>\n<\/a><a href=\"http:\/\/milenacapuder.si\/wp-content\/uploads\/2014\/10\/DSC08803-Small.jpg\"><img decoding=\"async\" loading=\"lazy\" class=\"aligncenter size-full wp-image-1022\" src=\"http:\/\/milenacapuder.si\/wp-content\/uploads\/2014\/10\/DSC08803-Small.jpg\" alt=\"DSC08803 (Small)\" width=\"640\" height=\"480\" srcset=\"https:\/\/milenacapuder.si\/wp-content\/uploads\/2014\/10\/DSC08803-Small.jpg 640w, https:\/\/milenacapuder.si\/wp-content\/uploads\/2014\/10\/DSC08803-Small-300x225.jpg 300w\" sizes=\"(max-width: 640px) 100vw, 640px\" \/><\/a><\/p>\n<p style=\"text-align: center;\">\n","protected":false},"excerpt":{"rendered":"<p>Suho cvetje na mojem vrtu mno\u017ei\u010dno privablja \u010debelice. Na njih se spo\u010dijejo tudi utrujene o\u010di. Lepe bodo tudi pozimi kot spomin na leto\u0161nje poletje.<\/p>\n","protected":false},"author":1,"featured_media":60,"comment_status":"open","ping_status":"open","sticky":false,"template":"","format":"standard","meta":[],"categories":[6,7,9],"tags":[],"_links":{"self":[{"href":"https:\/\/milenacapuder.si\/index.php?rest_route=\/wp\/v2\/posts\/32"}],"collection":[{"href":"https:\/\/milenacapuder.si\/index.php?rest_route=\/wp\/v2\/posts"}],"about":[{"href":"https:\/\/milenacapuder.si\/index.php?rest_route=\/wp\/v2\/types\/post"}],"author":[{"embeddable":true,"href":"https:\/\/milenacapuder.si\/index.php?rest_route=\/wp\/v2\/users\/1"}],"replies":[{"embeddable":true,"href":"https:\/\/milenacapuder.si\/index.php?rest_route=%2Fwp%2Fv2%2Fcomments&post=32"}],"version-history":[{"count":3,"href":"https:\/\/milenacapuder.si\/index.php?rest_route=\/wp\/v2\/posts\/32\/revisions"}],"predecessor-version":[{"id":1023,"href":"https:\/\/milenacapuder.si\/index.php?rest_route=\/wp\/v2\/posts\/32\/revisions\/1023"}],"wp:featuredmedia":[{"embeddable":true,"href":"https:\/\/milenacapuder.si\/index.php?rest_route=\/wp\/v2\/media\/60"}],"wp:attachment":[{"href":"https:\/\/milenacapuder.si\/index.php?rest_route=%2Fwp%2Fv2%2Fmedia&parent=32"}],"wp:term":[{"taxonomy":"category","embeddable":true,"href":"https:\/\/milenacapuder.si\/index.php?rest_route=%2Fwp%2Fv2%2Fcategories&post=32"},{"taxonomy":"post_tag","embeddable":true,"href":"https:\/\/milenacapuder.si\/index.php?rest_route=%2Fwp%2Fv2%2Ftags&post=32"}],"curies":[{"name":"wp","href":"https:\/\/api.w.org\/{rel}","templated":true}]}}