{"id":355,"date":"2014-10-28T18:25:17","date_gmt":"2014-10-28T18:25:17","guid":{"rendered":"http:\/\/milenacapuder.si\/?p=355"},"modified":"2015-06-27T09:55:35","modified_gmt":"2015-06-27T09:55:35","slug":"priprava-na-osmice","status":"publish","type":"post","link":"https:\/\/milenacapuder.si\/?p=355","title":{"rendered":"Priprava na osmice"},"content":{"rendered":"<p><a href=\"http:\/\/milenacapuder.si\/wp-content\/uploads\/2014\/10\/IMG_8738-Small.jpg\"><img decoding=\"async\" loading=\"lazy\" class=\"size-full wp-image-356 aligncenter\" src=\"http:\/\/milenacapuder.si\/wp-content\/uploads\/2014\/10\/IMG_8738-Small.jpg\" alt=\"IMG_8738 (Small)\" width=\"720\" height=\"480\" srcset=\"https:\/\/milenacapuder.si\/wp-content\/uploads\/2014\/10\/IMG_8738-Small.jpg 720w, https:\/\/milenacapuder.si\/wp-content\/uploads\/2014\/10\/IMG_8738-Small-300x200.jpg 300w\" sizes=\"(max-width: 720px) 100vw, 720px\" \/><\/a><\/p>\n<p style=\"text-align: center;\">\u00a0Bli\u017ea se \u010das osmic in treba je preveriti teren. Tokrat se nas je zbrala prijetna dru\u017eba in skupaj smo ugotovili, da je teren &#8220;goden&#8221;. Da se vrnemo, ko bo vino dozorelo in bo pr\u0161ut \u00a0zrel.<\/p>\n<p style=\"text-align: center;\"><a href=\"http:\/\/milenacapuder.si\/wp-content\/uploads\/2014\/10\/IMG_8741-Small.jpg\"><img decoding=\"async\" loading=\"lazy\" class=\"alignnone size-full wp-image-359\" src=\"http:\/\/milenacapuder.si\/wp-content\/uploads\/2014\/10\/IMG_8741-Small.jpg\" alt=\"IMG_8741 (Small)\" width=\"720\" height=\"480\" srcset=\"https:\/\/milenacapuder.si\/wp-content\/uploads\/2014\/10\/IMG_8741-Small.jpg 720w, https:\/\/milenacapuder.si\/wp-content\/uploads\/2014\/10\/IMG_8741-Small-300x200.jpg 300w\" sizes=\"(max-width: 720px) 100vw, 720px\" \/><\/a><\/p>\n<p><a href=\"http:\/\/milenacapuder.si\/wp-content\/uploads\/2014\/10\/IMG_8743-Small.jpg\"><img decoding=\"async\" loading=\"lazy\" class=\"alignnone size-full wp-image-360\" src=\"http:\/\/milenacapuder.si\/wp-content\/uploads\/2014\/10\/IMG_8743-Small.jpg\" alt=\"IMG_8743 (Small)\" width=\"720\" height=\"480\" srcset=\"https:\/\/milenacapuder.si\/wp-content\/uploads\/2014\/10\/IMG_8743-Small.jpg 720w, https:\/\/milenacapuder.si\/wp-content\/uploads\/2014\/10\/IMG_8743-Small-300x200.jpg 300w\" sizes=\"(max-width: 720px) 100vw, 720px\" \/><\/a><\/p>\n<p style=\"text-align: center;\">Na Krasu je ta \u010das \u00a0vse v znamenju rde\u010de barve. Najbolj \u017elahtni barvi pa\u00a0sta\u00a0 barvi terana in pr\u0161uta.<\/p>\n<p><a href=\"http:\/\/milenacapuder.si\/wp-content\/uploads\/2014\/10\/IMG_8745-Small.jpg\"><img decoding=\"async\" loading=\"lazy\" class=\"alignnone wp-image-361 size-full\" src=\"http:\/\/milenacapuder.si\/wp-content\/uploads\/2014\/10\/IMG_8745-Small-e1414519911811.jpg\" alt=\"IMG_8745 (Small)\" width=\"480\" height=\"720\" srcset=\"https:\/\/milenacapuder.si\/wp-content\/uploads\/2014\/10\/IMG_8745-Small-e1414519911811.jpg 480w, https:\/\/milenacapuder.si\/wp-content\/uploads\/2014\/10\/IMG_8745-Small-e1414519911811-200x300.jpg 200w\" sizes=\"(max-width: 480px) 100vw, 480px\" \/><\/a><\/p>\n<p style=\"text-align: center;\">Kakiji so \u0161ele rumeni, a so na dobri poti, da tudi oni spremenijo barvo.<\/p>\n<p><a href=\"http:\/\/milenacapuder.si\/wp-content\/uploads\/2014\/10\/IMG_8785-Small.jpg\"><img decoding=\"async\" loading=\"lazy\" class=\"alignnone size-full wp-image-362\" src=\"http:\/\/milenacapuder.si\/wp-content\/uploads\/2014\/10\/IMG_8785-Small.jpg\" alt=\"IMG_8785 (Small)\" width=\"720\" height=\"480\" srcset=\"https:\/\/milenacapuder.si\/wp-content\/uploads\/2014\/10\/IMG_8785-Small.jpg 720w, https:\/\/milenacapuder.si\/wp-content\/uploads\/2014\/10\/IMG_8785-Small-300x200.jpg 300w\" sizes=\"(max-width: 720px) 100vw, 720px\" \/><\/a><\/p>\n<p style=\"text-align: center;\">Da pa nismo \u00a0samo jedli in pili, \u00a0smo obiskali kra\u0161ki biser &#8211; \u0160tanjel in se sprehodili po tem idili\u010dnem kraju.<\/p>\n<p><a href=\"http:\/\/milenacapuder.si\/wp-content\/uploads\/2014\/10\/IMG_8829-Small.jpg\"><img decoding=\"async\" loading=\"lazy\" class=\"alignnone size-full wp-image-370\" src=\"http:\/\/milenacapuder.si\/wp-content\/uploads\/2014\/10\/IMG_8829-Small.jpg\" alt=\"IMG_8829 (Small)\" width=\"720\" height=\"480\" srcset=\"https:\/\/milenacapuder.si\/wp-content\/uploads\/2014\/10\/IMG_8829-Small.jpg 720w, https:\/\/milenacapuder.si\/wp-content\/uploads\/2014\/10\/IMG_8829-Small-300x200.jpg 300w\" sizes=\"(max-width: 720px) 100vw, 720px\" \/><\/a> <a href=\"http:\/\/milenacapuder.si\/wp-content\/uploads\/2014\/10\/IMG_8836-Small.jpg\"><img decoding=\"async\" loading=\"lazy\" class=\"size-full wp-image-371 aligncenter\" src=\"http:\/\/milenacapuder.si\/wp-content\/uploads\/2014\/10\/IMG_8836-Small.jpg\" alt=\"IMG_8836 (Small)\" width=\"480\" height=\"720\" srcset=\"https:\/\/milenacapuder.si\/wp-content\/uploads\/2014\/10\/IMG_8836-Small.jpg 480w, https:\/\/milenacapuder.si\/wp-content\/uploads\/2014\/10\/IMG_8836-Small-200x300.jpg 200w\" sizes=\"(max-width: 480px) 100vw, 480px\" \/><\/a><\/p>\n<p><a href=\"http:\/\/milenacapuder.si\/wp-content\/uploads\/2014\/10\/IMG_8852-Small.jpg\"><img decoding=\"async\" loading=\"lazy\" class=\"size-full wp-image-372 aligncenter\" src=\"http:\/\/milenacapuder.si\/wp-content\/uploads\/2014\/10\/IMG_8852-Small.jpg\" alt=\"IMG_8852 (Small)\" width=\"480\" height=\"720\" srcset=\"https:\/\/milenacapuder.si\/wp-content\/uploads\/2014\/10\/IMG_8852-Small.jpg 480w, https:\/\/milenacapuder.si\/wp-content\/uploads\/2014\/10\/IMG_8852-Small-200x300.jpg 200w\" sizes=\"(max-width: 480px) 100vw, 480px\" \/><\/a><\/p>\n<p style=\"text-align: center;\">Fraske so \u017ee pripravljene. Dr\u017eite se teh oznak in pripeljale vas bodo do \u00a0dobrih jedi in prijetnega vzdu\u0161ja. Osmica na Grahovem brdu se odpre 7.11. in se kon\u010da \u010dez\u00a0\u00a010 dni.<\/p>\n<p style=\"text-align: center;\">\n","protected":false},"excerpt":{"rendered":"<p>\u00a0Bli\u017ea se \u010das osmic in treba je preveriti teren. Tokrat se nas je zbrala prijetna dru\u017eba in skupaj smo ugotovili, da je teren &#8220;goden&#8221;. Da se vrnemo, ko bo vino dozorelo in bo pr\u0161ut \u00a0zrel. Na Krasu je ta \u010das \u00a0vse v znamenju rde\u010de barve. Najbolj \u017elahtni barvi pa\u00a0sta\u00a0 barvi terana in pr\u0161uta. Kakiji so [&hellip;]<\/p>\n","protected":false},"author":1,"featured_media":373,"comment_status":"open","ping_status":"open","sticky":false,"template":"","format":"standard","meta":[],"categories":[3,5,7],"tags":[],"_links":{"self":[{"href":"https:\/\/milenacapuder.si\/index.php?rest_route=\/wp\/v2\/posts\/355"}],"collection":[{"href":"https:\/\/milenacapuder.si\/index.php?rest_route=\/wp\/v2\/posts"}],"about":[{"href":"https:\/\/milenacapuder.si\/index.php?rest_route=\/wp\/v2\/types\/post"}],"author":[{"embeddable":true,"href":"https:\/\/milenacapuder.si\/index.php?rest_route=\/wp\/v2\/users\/1"}],"replies":[{"embeddable":true,"href":"https:\/\/milenacapuder.si\/index.php?rest_route=%2Fwp%2Fv2%2Fcomments&post=355"}],"version-history":[{"count":7,"href":"https:\/\/milenacapuder.si\/index.php?rest_route=\/wp\/v2\/posts\/355\/revisions"}],"predecessor-version":[{"id":381,"href":"https:\/\/milenacapuder.si\/index.php?rest_route=\/wp\/v2\/posts\/355\/revisions\/381"}],"wp:featuredmedia":[{"embeddable":true,"href":"https:\/\/milenacapuder.si\/index.php?rest_route=\/wp\/v2\/media\/373"}],"wp:attachment":[{"href":"https:\/\/milenacapuder.si\/index.php?rest_route=%2Fwp%2Fv2%2Fmedia&parent=355"}],"wp:term":[{"taxonomy":"category","embeddable":true,"href":"https:\/\/milenacapuder.si\/index.php?rest_route=%2Fwp%2Fv2%2Fcategories&post=355"},{"taxonomy":"post_tag","embeddable":true,"href":"https:\/\/milenacapuder.si\/index.php?rest_route=%2Fwp%2Fv2%2Ftags&post=355"}],"curies":[{"name":"wp","href":"https:\/\/api.w.org\/{rel}","templated":true}]}}