{"id":46,"date":"2014-10-08T07:58:37","date_gmt":"2014-10-08T07:58:37","guid":{"rendered":"http:\/\/milenacapuder.si\/?p=46"},"modified":"2015-06-27T09:55:46","modified_gmt":"2015-06-27T09:55:46","slug":"ornga-mora-bit","status":"publish","type":"post","link":"https:\/\/milenacapuder.si\/?p=46","title":{"rendered":"Or&#8217;nga mora bit"},"content":{"rendered":"<p style=\"text-align: center;\">Tako pravijo tu na Brniku. Pomeni pa, da se obi\u010daji morajo \u00a0ohraniti. V no\u010di pred \u00a0\u017eegnjanjem \u00a0na vasi, nam mladina naredi kar \u00a0precej nereda. Cvetli\u010dna korita nam zamenjujejo iz spodnjega\u00a0dela vasi v zgornjega, iz enega okna na drugega.<\/p>\n<p style=\"text-align: center;\"><a href=\"http:\/\/milenacapuder.si\/wp-content\/uploads\/2014\/10\/BeFunky_IMG_74641.jpg-Small1.jpg\"><img decoding=\"async\" loading=\"lazy\" class=\"aligncenter size-full wp-image-1103\" src=\"http:\/\/milenacapuder.si\/wp-content\/uploads\/2014\/10\/BeFunky_IMG_74641.jpg-Small1.jpg\" alt=\"BeFunky_IMG_7464.jpg (Small)\" width=\"650\" height=\"480\" srcset=\"https:\/\/milenacapuder.si\/wp-content\/uploads\/2014\/10\/BeFunky_IMG_74641.jpg-Small1.jpg 650w, https:\/\/milenacapuder.si\/wp-content\/uploads\/2014\/10\/BeFunky_IMG_74641.jpg-Small1-300x222.jpg 300w\" sizes=\"(max-width: 650px) 100vw, 650px\" \/><\/a><\/p>\n<p style=\"text-align: center;\">Sposodijo\u00a0si\u00a0&#8220;dero&#8221;- voz, ter si dajo du\u0161ka z urejanjem okolice po svoje. Kar ostane \u00a0nerazdeljeno, ostane na vozu \u00a0pred cerkvijo.<\/p>\n<p><a href=\"http:\/\/milenacapuder.si\/wp-content\/uploads\/2014\/10\/IMG_7466-Small.jpg\"><img decoding=\"async\" loading=\"lazy\" class=\"aligncenter size-full wp-image-1104\" src=\"http:\/\/milenacapuder.si\/wp-content\/uploads\/2014\/10\/IMG_7466-Small.jpg\" alt=\"IMG_7466 (Small)\" width=\"720\" height=\"480\" srcset=\"https:\/\/milenacapuder.si\/wp-content\/uploads\/2014\/10\/IMG_7466-Small.jpg 720w, https:\/\/milenacapuder.si\/wp-content\/uploads\/2014\/10\/IMG_7466-Small-300x200.jpg 300w\" sizes=\"(max-width: 720px) 100vw, 720px\" \/><\/a><\/p>\n<p style=\"text-align: center;\">Gospodinje \u00a0spotoma, ko gredo k ma\u0161i in od nje, i\u0161\u010dejo svoja korita in lon\u010dnice. Ter \u00a0upajo, da je \u0161kode na ro\u017eah \u010dim manj.<\/p>\n<p style=\"text-align: center;\"><a href=\"http:\/\/milenacapuder.si\/wp-content\/uploads\/2014\/10\/BeFunky_IMG_7471.jpg-Small.jpg\"><img decoding=\"async\" loading=\"lazy\" class=\"aligncenter size-full wp-image-1105\" src=\"http:\/\/milenacapuder.si\/wp-content\/uploads\/2014\/10\/BeFunky_IMG_7471.jpg-Small.jpg\" alt=\"BeFunky_IMG_7471.jpg (Small)\" width=\"735\" height=\"480\" srcset=\"https:\/\/milenacapuder.si\/wp-content\/uploads\/2014\/10\/BeFunky_IMG_7471.jpg-Small.jpg 735w, https:\/\/milenacapuder.si\/wp-content\/uploads\/2014\/10\/BeFunky_IMG_7471.jpg-Small-300x196.jpg 300w\" sizes=\"(max-width: 735px) 100vw, 735px\" \/><\/a><\/p>\n<p style=\"text-align: center;\">Tudi okolica trgovine postane to no\u010d zelo lepa. Ro\u017ee lepo \u00a0krasijo \u00a0zid in vhod v trgovino. Nekateri so presene\u010deni ko stopijo iz hi\u0161e. Lahko se spotaknejo ob cel kup \u00a0cvetja.<\/p>\n<p style=\"text-align: center;\"><a href=\"http:\/\/milenacapuder.si\/wp-content\/uploads\/2014\/10\/IMG_7473-Small.jpg\"><img decoding=\"async\" loading=\"lazy\" class=\"aligncenter size-full wp-image-1106\" src=\"http:\/\/milenacapuder.si\/wp-content\/uploads\/2014\/10\/IMG_7473-Small.jpg\" alt=\"IMG_7473 (Small)\" width=\"734\" height=\"480\" srcset=\"https:\/\/milenacapuder.si\/wp-content\/uploads\/2014\/10\/IMG_7473-Small.jpg 734w, https:\/\/milenacapuder.si\/wp-content\/uploads\/2014\/10\/IMG_7473-Small-300x196.jpg 300w\" sizes=\"(max-width: 734px) 100vw, 734px\" \/><\/a><\/p>\n<p><a href=\"http:\/\/milenacapuder.si\/wp-content\/uploads\/2014\/10\/BeFunky_IMG_7475.jpg-Small.jpg\"><img decoding=\"async\" loading=\"lazy\" class=\"aligncenter size-full wp-image-1107\" src=\"http:\/\/milenacapuder.si\/wp-content\/uploads\/2014\/10\/BeFunky_IMG_7475.jpg-Small.jpg\" alt=\"BeFunky_IMG_7475.jpg (Small)\" width=\"632\" height=\"480\" srcset=\"https:\/\/milenacapuder.si\/wp-content\/uploads\/2014\/10\/BeFunky_IMG_7475.jpg-Small.jpg 632w, https:\/\/milenacapuder.si\/wp-content\/uploads\/2014\/10\/BeFunky_IMG_7475.jpg-Small-300x228.jpg 300w\" sizes=\"(max-width: 632px) 100vw, 632px\" \/><\/a><\/p>\n<p style=\"text-align: center;\">Takle &#8216;mamo&#8230;<\/p>\n","protected":false},"excerpt":{"rendered":"<p>Tako pravijo tu na Brniku. Pomeni pa, da se obi\u010daji morajo \u00a0ohraniti. V no\u010di pred \u00a0\u017eegnjanjem \u00a0na vasi, nam mladina naredi kar \u00a0precej nereda. Cvetli\u010dna korita nam zamenjujejo iz spodnjega\u00a0dela vasi v zgornjega, iz enega okna na drugega. Sposodijo\u00a0si\u00a0&#8220;dero&#8221;- voz, ter si dajo du\u0161ka z urejanjem okolice po svoje. Kar ostane \u00a0nerazdeljeno, ostane na vozu [&hellip;]<\/p>\n","protected":false},"author":1,"featured_media":53,"comment_status":"open","ping_status":"open","sticky":false,"template":"","format":"standard","meta":[],"categories":[7,9],"tags":[],"_links":{"self":[{"href":"https:\/\/milenacapuder.si\/index.php?rest_route=\/wp\/v2\/posts\/46"}],"collection":[{"href":"https:\/\/milenacapuder.si\/index.php?rest_route=\/wp\/v2\/posts"}],"about":[{"href":"https:\/\/milenacapuder.si\/index.php?rest_route=\/wp\/v2\/types\/post"}],"author":[{"embeddable":true,"href":"https:\/\/milenacapuder.si\/index.php?rest_route=\/wp\/v2\/users\/1"}],"replies":[{"embeddable":true,"href":"https:\/\/milenacapuder.si\/index.php?rest_route=%2Fwp%2Fv2%2Fcomments&post=46"}],"version-history":[{"count":2,"href":"https:\/\/milenacapuder.si\/index.php?rest_route=\/wp\/v2\/posts\/46\/revisions"}],"predecessor-version":[{"id":1108,"href":"https:\/\/milenacapuder.si\/index.php?rest_route=\/wp\/v2\/posts\/46\/revisions\/1108"}],"wp:featuredmedia":[{"embeddable":true,"href":"https:\/\/milenacapuder.si\/index.php?rest_route=\/wp\/v2\/media\/53"}],"wp:attachment":[{"href":"https:\/\/milenacapuder.si\/index.php?rest_route=%2Fwp%2Fv2%2Fmedia&parent=46"}],"wp:term":[{"taxonomy":"category","embeddable":true,"href":"https:\/\/milenacapuder.si\/index.php?rest_route=%2Fwp%2Fv2%2Fcategories&post=46"},{"taxonomy":"post_tag","embeddable":true,"href":"https:\/\/milenacapuder.si\/index.php?rest_route=%2Fwp%2Fv2%2Ftags&post=46"}],"curies":[{"name":"wp","href":"https:\/\/api.w.org\/{rel}","templated":true}]}}