{"id":5548,"date":"2016-07-11T16:07:25","date_gmt":"2016-07-11T16:07:25","guid":{"rendered":"http:\/\/milenacapuder.si\/?p=5548"},"modified":"2016-07-11T18:15:52","modified_gmt":"2016-07-11T18:15:52","slug":"5548","status":"publish","type":"post","link":"https:\/\/milenacapuder.si\/?p=5548","title":{"rendered":"\u010crna prst &#8211; cveto\u010da gora"},"content":{"rendered":"<p style=\"text-align: center;\">\u010crna prst\u00a0je najlep\u0161a v zgodnjem poletju &#8211; ravno zdaj\u00a0\u00a0so pobo\u010dni\u00a0\u00a0travniki pravi botani\u010dni vrt!<\/p>\n<p style=\"text-align: center;\"><a href=\"http:\/\/milenacapuder.si\/wp-content\/uploads\/2016\/07\/IMG_0913-Small.jpg\"><img decoding=\"async\" loading=\"lazy\" class=\"aligncenter size-full wp-image-5483\" src=\"http:\/\/milenacapuder.si\/wp-content\/uploads\/2016\/07\/IMG_0913-Small.jpg\" alt=\"IMG_0913 (Small)\" width=\"720\" height=\"480\" srcset=\"https:\/\/milenacapuder.si\/wp-content\/uploads\/2016\/07\/IMG_0913-Small.jpg 720w, https:\/\/milenacapuder.si\/wp-content\/uploads\/2016\/07\/IMG_0913-Small-300x200.jpg 300w\" sizes=\"(max-width: 720px) 100vw, 720px\" \/><\/a><\/p>\n<p style=\"text-align: center;\"><img decoding=\"async\" loading=\"lazy\" class=\"aligncenter wp-image-5550\" src=\"http:\/\/milenacapuder.si\/wp-content\/uploads\/2016\/07\/BeFunky-Collageklj-1024x859.jpg\" alt=\"BeFunky Collageklj\" width=\"638\" height=\"535\" srcset=\"https:\/\/milenacapuder.si\/wp-content\/uploads\/2016\/07\/BeFunky-Collageklj-1024x859.jpg 1024w, https:\/\/milenacapuder.si\/wp-content\/uploads\/2016\/07\/BeFunky-Collageklj-300x252.jpg 300w, https:\/\/milenacapuder.si\/wp-content\/uploads\/2016\/07\/BeFunky-Collageklj-768x644.jpg 768w\" sizes=\"(max-width: 638px) 100vw, 638px\" \/><\/p>\n<p style=\"text-align: center;\">\u010crna prst je visoka\u00a01844 m.Nahaja se na jugovzhodu Julijskih Alp. Dostopna je iz razli\u010dnih koncev in tudi zahtevnost poti je na izbiro.<\/p>\n<p><a href=\"http:\/\/milenacapuder.si\/wp-content\/uploads\/2016\/07\/IMG_0954-Small.jpg\"><img decoding=\"async\" loading=\"lazy\" class=\"aligncenter size-full wp-image-5494\" src=\"http:\/\/milenacapuder.si\/wp-content\/uploads\/2016\/07\/IMG_0954-Small.jpg\" alt=\"IMG_0954 (Small)\" width=\"720\" height=\"480\" srcset=\"https:\/\/milenacapuder.si\/wp-content\/uploads\/2016\/07\/IMG_0954-Small.jpg 720w, https:\/\/milenacapuder.si\/wp-content\/uploads\/2016\/07\/IMG_0954-Small-300x200.jpg 300w\" sizes=\"(max-width: 720px) 100vw, 720px\" \/><\/a><\/p>\n<p style=\"text-align: center;\">Le\u017ei na obrobju Triglavskega narodnega parka.<\/p>\n<p><img decoding=\"async\" loading=\"lazy\" class=\"aligncenter size-full wp-image-5512\" src=\"http:\/\/milenacapuder.si\/wp-content\/uploads\/2016\/07\/IMG_1023-Small.jpg\" alt=\"IMG_1023 (Small)\" width=\"480\" height=\"720\" srcset=\"https:\/\/milenacapuder.si\/wp-content\/uploads\/2016\/07\/IMG_1023-Small.jpg 480w, https:\/\/milenacapuder.si\/wp-content\/uploads\/2016\/07\/IMG_1023-Small-200x300.jpg 200w\" sizes=\"(max-width: 480px) 100vw, 480px\" \/><\/p>\n<p style=\"text-align: center;\">Krasna razgledna to\u010dka tako na sever kot na jug. Bohinjsko jezero tokrat iz vi\u0161in!<\/p>\n<p style=\"text-align: center;\"><a href=\"http:\/\/milenacapuder.si\/wp-content\/uploads\/2016\/07\/IMG_0976-Small.jpg\"><img decoding=\"async\" loading=\"lazy\" class=\"aligncenter size-full wp-image-5500\" src=\"http:\/\/milenacapuder.si\/wp-content\/uploads\/2016\/07\/IMG_0976-Small.jpg\" alt=\"IMG_0976 (Small)\" width=\"720\" height=\"480\" srcset=\"https:\/\/milenacapuder.si\/wp-content\/uploads\/2016\/07\/IMG_0976-Small.jpg 720w, https:\/\/milenacapuder.si\/wp-content\/uploads\/2016\/07\/IMG_0976-Small-300x200.jpg 300w\" sizes=\"(max-width: 720px) 100vw, 720px\" \/><\/a><\/p>\n<p style=\"text-align: center;\">Triglav kot na dlani. Pred njim desno pa Tosc &#8211; 2275 m nad morjem. \u00a0Naslednja na\u010drtovana planinska tura.<a href=\"http:\/\/milenacapuder.si\/wp-content\/uploads\/2016\/07\/IMG_0979-Small.jpg\"><br \/>\n<\/a><a href=\"http:\/\/milenacapuder.si\/wp-content\/uploads\/2016\/07\/IMG_0989-Small.jpg\"><img decoding=\"async\" loading=\"lazy\" class=\"aligncenter size-full wp-image-5504\" src=\"http:\/\/milenacapuder.si\/wp-content\/uploads\/2016\/07\/IMG_0989-Small.jpg\" alt=\"IMG_0989 (Small)\" width=\"480\" height=\"720\" srcset=\"https:\/\/milenacapuder.si\/wp-content\/uploads\/2016\/07\/IMG_0989-Small.jpg 480w, https:\/\/milenacapuder.si\/wp-content\/uploads\/2016\/07\/IMG_0989-Small-200x300.jpg 200w\" sizes=\"(max-width: 480px) 100vw, 480px\" \/><\/a><\/p>\n<p style=\"text-align: center;\">Na vrhu in po pobo\u010djih uspevajo zanimive rastlinske vrste. Marsikatero ro\u017eico\u00a0sem prvi\u010d videla.<\/p>\n<p><img decoding=\"async\" loading=\"lazy\" class=\"aligncenter wp-image-5552\" src=\"http:\/\/milenacapuder.si\/wp-content\/uploads\/2016\/07\/BeFunky-Collageretwet-1024x706.jpg\" alt=\"BeFunky Collageretwet\" width=\"676\" height=\"466\" srcset=\"https:\/\/milenacapuder.si\/wp-content\/uploads\/2016\/07\/BeFunky-Collageretwet-1024x706.jpg 1024w, https:\/\/milenacapuder.si\/wp-content\/uploads\/2016\/07\/BeFunky-Collageretwet-300x207.jpg 300w, https:\/\/milenacapuder.si\/wp-content\/uploads\/2016\/07\/BeFunky-Collageretwet-768x530.jpg 768w\" sizes=\"(max-width: 676px) 100vw, 676px\" \/><\/p>\n<p style=\"text-align: center;\">Tukaj\u0161nja flora je pravi raj za botanike. Kot tudi\u00a0za vse ljubitelje cvetja!<\/p>\n<p><img decoding=\"async\" loading=\"lazy\" class=\"aligncenter size-full wp-image-5516\" src=\"http:\/\/milenacapuder.si\/wp-content\/uploads\/2016\/07\/IMG_1053-Small.jpg\" alt=\"IMG_1053 (Small)\" width=\"720\" height=\"480\" srcset=\"https:\/\/milenacapuder.si\/wp-content\/uploads\/2016\/07\/IMG_1053-Small.jpg 720w, https:\/\/milenacapuder.si\/wp-content\/uploads\/2016\/07\/IMG_1053-Small-300x200.jpg 300w\" sizes=\"(max-width: 720px) 100vw, 720px\" \/><\/p>\n<p><img decoding=\"async\" loading=\"lazy\" class=\"aligncenter size-full wp-image-5517\" src=\"http:\/\/milenacapuder.si\/wp-content\/uploads\/2016\/07\/IMG_1062-Small.jpg\" alt=\"IMG_1062 (Small)\" width=\"480\" height=\"720\" srcset=\"https:\/\/milenacapuder.si\/wp-content\/uploads\/2016\/07\/IMG_1062-Small.jpg 480w, https:\/\/milenacapuder.si\/wp-content\/uploads\/2016\/07\/IMG_1062-Small-200x300.jpg 200w\" sizes=\"(max-width: 480px) 100vw, 480px\" \/><\/p>\n<p><img decoding=\"async\" loading=\"lazy\" class=\"aligncenter wp-image-5553\" src=\"http:\/\/milenacapuder.si\/wp-content\/uploads\/2016\/07\/BeFunky-Collagertaert-1024x739.jpg\" alt=\"BeFunky Collagertaert\" width=\"621\" height=\"448\" srcset=\"https:\/\/milenacapuder.si\/wp-content\/uploads\/2016\/07\/BeFunky-Collagertaert-1024x739.jpg 1024w, https:\/\/milenacapuder.si\/wp-content\/uploads\/2016\/07\/BeFunky-Collagertaert-300x217.jpg 300w, https:\/\/milenacapuder.si\/wp-content\/uploads\/2016\/07\/BeFunky-Collagertaert-768x554.jpg 768w\" sizes=\"(max-width: 621px) 100vw, 621px\" \/><\/p>\n<p><a href=\"http:\/\/milenacapuder.si\/wp-content\/uploads\/2016\/07\/IMG_1067-Small.jpg\"><img decoding=\"async\" loading=\"lazy\" class=\"aligncenter size-full wp-image-5519\" src=\"http:\/\/milenacapuder.si\/wp-content\/uploads\/2016\/07\/IMG_1067-Small.jpg\" alt=\"IMG_1067 (Small)\" width=\"720\" height=\"480\" srcset=\"https:\/\/milenacapuder.si\/wp-content\/uploads\/2016\/07\/IMG_1067-Small.jpg 720w, https:\/\/milenacapuder.si\/wp-content\/uploads\/2016\/07\/IMG_1067-Small-300x200.jpg 300w\" sizes=\"(max-width: 720px) 100vw, 720px\" \/><\/a><\/p>\n<p style=\"text-align: center;\">Najina izhodi\u0161\u010dna to\u010dka je bila gorska vasica Kal. \u00a0Idili\u010dna, lepo urejena vas, katere\u00a0 vse hi\u0161e so vidne iz vrha \u010crne prsti.<\/p>\n<p><a href=\"http:\/\/milenacapuder.si\/wp-content\/uploads\/2016\/07\/IMG_1076-Small.jpg\"><img decoding=\"async\" loading=\"lazy\" class=\"aligncenter size-full wp-image-5521\" src=\"http:\/\/milenacapuder.si\/wp-content\/uploads\/2016\/07\/IMG_1076-Small.jpg\" alt=\"IMG_1076 (Small)\" width=\"480\" height=\"720\" srcset=\"https:\/\/milenacapuder.si\/wp-content\/uploads\/2016\/07\/IMG_1076-Small.jpg 480w, https:\/\/milenacapuder.si\/wp-content\/uploads\/2016\/07\/IMG_1076-Small-200x300.jpg 200w\" sizes=\"(max-width: 480px) 100vw, 480px\" \/><\/a><\/p>\n<p style=\"text-align: center;\">Na severu \u00a0se v ozadju vidi Bohinjska Bistrica.<\/p>\n<p><a href=\"http:\/\/milenacapuder.si\/wp-content\/uploads\/2016\/07\/IMG_1071-Small.jpg\"><img decoding=\"async\" loading=\"lazy\" class=\"aligncenter size-full wp-image-5520\" src=\"http:\/\/milenacapuder.si\/wp-content\/uploads\/2016\/07\/IMG_1071-Small.jpg\" alt=\"IMG_1071 (Small)\" width=\"720\" height=\"480\" srcset=\"https:\/\/milenacapuder.si\/wp-content\/uploads\/2016\/07\/IMG_1071-Small.jpg 720w, https:\/\/milenacapuder.si\/wp-content\/uploads\/2016\/07\/IMG_1071-Small-300x200.jpg 300w\" sizes=\"(max-width: 720px) 100vw, 720px\" \/><\/a><\/p>\n<p><a href=\"http:\/\/milenacapuder.si\/wp-content\/uploads\/2016\/07\/IMG_1077-Small.jpg\"><img decoding=\"async\" loading=\"lazy\" class=\"aligncenter size-full wp-image-5522\" src=\"http:\/\/milenacapuder.si\/wp-content\/uploads\/2016\/07\/IMG_1077-Small.jpg\" alt=\"IMG_1077 (Small)\" width=\"480\" height=\"720\" srcset=\"https:\/\/milenacapuder.si\/wp-content\/uploads\/2016\/07\/IMG_1077-Small.jpg 480w, https:\/\/milenacapuder.si\/wp-content\/uploads\/2016\/07\/IMG_1077-Small-200x300.jpg 200w\" sizes=\"(max-width: 480px) 100vw, 480px\" \/><\/a><\/p>\n<p style=\"text-align: center;\">Pod vrhom se pojavljajo apnenci s temnimi plastmi manganove rude, ki dajejo gori ime.<\/p>\n<p><a href=\"http:\/\/milenacapuder.si\/wp-content\/uploads\/2016\/07\/BeFunky-Collagedf.jpg\"><img decoding=\"async\" loading=\"lazy\" class=\"aligncenter wp-image-5554\" src=\"http:\/\/milenacapuder.si\/wp-content\/uploads\/2016\/07\/BeFunky-Collagedf-1024x765.jpg\" alt=\"BeFunky Collagedf\" width=\"618\" height=\"461\" srcset=\"https:\/\/milenacapuder.si\/wp-content\/uploads\/2016\/07\/BeFunky-Collagedf-1024x765.jpg 1024w, https:\/\/milenacapuder.si\/wp-content\/uploads\/2016\/07\/BeFunky-Collagedf-300x224.jpg 300w, https:\/\/milenacapuder.si\/wp-content\/uploads\/2016\/07\/BeFunky-Collagedf-768x574.jpg 768w\" sizes=\"(max-width: 618px) 100vw, 618px\" \/><\/a><\/p>\n<p><img decoding=\"async\" loading=\"lazy\" class=\"aligncenter size-full wp-image-5495\" src=\"http:\/\/milenacapuder.si\/wp-content\/uploads\/2016\/07\/IMG_0958-Small.jpg\" alt=\"IMG_0958 (Small)\" width=\"720\" height=\"480\" srcset=\"https:\/\/milenacapuder.si\/wp-content\/uploads\/2016\/07\/IMG_0958-Small.jpg 720w, https:\/\/milenacapuder.si\/wp-content\/uploads\/2016\/07\/IMG_0958-Small-300x200.jpg 300w\" sizes=\"(max-width: 720px) 100vw, 720px\" \/><\/p>\n<p>&nbsp;<\/p>\n<p><a href=\"http:\/\/milenacapuder.si\/wp-content\/uploads\/2016\/07\/IMG_0930-Small.jpg\"><img decoding=\"async\" loading=\"lazy\" class=\"aligncenter size-full wp-image-5486\" src=\"http:\/\/milenacapuder.si\/wp-content\/uploads\/2016\/07\/IMG_0930-Small.jpg\" alt=\"IMG_0930 (Small)\" width=\"720\" height=\"480\" srcset=\"https:\/\/milenacapuder.si\/wp-content\/uploads\/2016\/07\/IMG_0930-Small.jpg 720w, https:\/\/milenacapuder.si\/wp-content\/uploads\/2016\/07\/IMG_0930-Small-300x200.jpg 300w\" sizes=\"(max-width: 720px) 100vw, 720px\" \/><\/a><\/p>\n<p><a href=\"http:\/\/milenacapuder.si\/wp-content\/uploads\/2016\/07\/IMG_1121-Small.jpg\"><img decoding=\"async\" loading=\"lazy\" class=\"aligncenter size-full wp-image-5533\" src=\"http:\/\/milenacapuder.si\/wp-content\/uploads\/2016\/07\/IMG_1121-Small.jpg\" alt=\"IMG_1121 (Small)\" width=\"480\" height=\"720\" srcset=\"https:\/\/milenacapuder.si\/wp-content\/uploads\/2016\/07\/IMG_1121-Small.jpg 480w, https:\/\/milenacapuder.si\/wp-content\/uploads\/2016\/07\/IMG_1121-Small-200x300.jpg 200w\" sizes=\"(max-width: 480px) 100vw, 480px\" \/><\/a><\/p>\n<p><a href=\"http:\/\/milenacapuder.si\/wp-content\/uploads\/2016\/07\/IMG_1129-Small.jpg\"><img decoding=\"async\" loading=\"lazy\" class=\"aligncenter size-full wp-image-5534\" src=\"http:\/\/milenacapuder.si\/wp-content\/uploads\/2016\/07\/IMG_1129-Small.jpg\" alt=\"IMG_1129 (Small)\" width=\"720\" height=\"480\" srcset=\"https:\/\/milenacapuder.si\/wp-content\/uploads\/2016\/07\/IMG_1129-Small.jpg 720w, https:\/\/milenacapuder.si\/wp-content\/uploads\/2016\/07\/IMG_1129-Small-300x200.jpg 300w\" sizes=\"(max-width: 720px) 100vw, 720px\" \/><\/a><\/p>\n<p><a href=\"http:\/\/milenacapuder.si\/wp-content\/uploads\/2016\/07\/IMG_1146-Small.jpg\"><img decoding=\"async\" loading=\"lazy\" class=\"aligncenter size-full wp-image-5539\" src=\"http:\/\/milenacapuder.si\/wp-content\/uploads\/2016\/07\/IMG_1146-Small.jpg\" alt=\"IMG_1146 (Small)\" width=\"480\" height=\"720\" srcset=\"https:\/\/milenacapuder.si\/wp-content\/uploads\/2016\/07\/IMG_1146-Small.jpg 480w, https:\/\/milenacapuder.si\/wp-content\/uploads\/2016\/07\/IMG_1146-Small-200x300.jpg 200w\" sizes=\"(max-width: 480px) 100vw, 480px\" \/><\/a><\/p>\n<p><img decoding=\"async\" loading=\"lazy\" class=\"aligncenter size-full wp-image-5538\" src=\"http:\/\/milenacapuder.si\/wp-content\/uploads\/2016\/07\/IMG_1140-Small.jpg\" alt=\"IMG_1140 (Small)\" width=\"720\" height=\"480\" srcset=\"https:\/\/milenacapuder.si\/wp-content\/uploads\/2016\/07\/IMG_1140-Small.jpg 720w, https:\/\/milenacapuder.si\/wp-content\/uploads\/2016\/07\/IMG_1140-Small-300x200.jpg 300w\" sizes=\"(max-width: 720px) 100vw, 720px\" \/><\/p>\n<p style=\"text-align: center;\">Razgled proti jugu. Ba\u0161ka grapa in vasice raztresene po hribovju.<\/p>\n<p><a href=\"http:\/\/milenacapuder.si\/wp-content\/uploads\/2016\/07\/IMG_1151-Small.jpg\"><img decoding=\"async\" loading=\"lazy\" class=\"aligncenter size-full wp-image-5540\" src=\"http:\/\/milenacapuder.si\/wp-content\/uploads\/2016\/07\/IMG_1151-Small.jpg\" alt=\"IMG_1151 (Small)\" width=\"480\" height=\"720\" srcset=\"https:\/\/milenacapuder.si\/wp-content\/uploads\/2016\/07\/IMG_1151-Small.jpg 480w, https:\/\/milenacapuder.si\/wp-content\/uploads\/2016\/07\/IMG_1151-Small-200x300.jpg 200w\" sizes=\"(max-width: 480px) 100vw, 480px\" \/><\/a><\/p>\n<p style=\"text-align: center;\">Del poti poteka po bukovem gozdu in \u0161e dobro tako. Kajti sonce je bilo pri povratku zelo zelo vro\u010de.<\/p>\n<p><a href=\"http:\/\/milenacapuder.si\/wp-content\/uploads\/2016\/07\/IMG_1155-Small.jpg\"><img decoding=\"async\" loading=\"lazy\" class=\"aligncenter size-full wp-image-5541\" src=\"http:\/\/milenacapuder.si\/wp-content\/uploads\/2016\/07\/IMG_1155-Small.jpg\" alt=\"IMG_1155 (Small)\" width=\"720\" height=\"480\" srcset=\"https:\/\/milenacapuder.si\/wp-content\/uploads\/2016\/07\/IMG_1155-Small.jpg 720w, https:\/\/milenacapuder.si\/wp-content\/uploads\/2016\/07\/IMG_1155-Small-300x200.jpg 300w\" sizes=\"(max-width: 720px) 100vw, 720px\" \/><\/a><\/p>\n<p style=\"text-align: center;\">Dan je bil resni\u010dno lep in prava \u0161koda bi bila, \u010de bi ga ne izkoristila, kakor sva ga.<\/p>\n","protected":false},"excerpt":{"rendered":"<p>\u010crna prst\u00a0je najlep\u0161a v zgodnjem poletju &#8211; ravno zdaj\u00a0\u00a0so pobo\u010dni\u00a0\u00a0travniki pravi botani\u010dni vrt! \u010crna prst je visoka\u00a01844 m.Nahaja se na jugovzhodu Julijskih Alp. Dostopna je iz razli\u010dnih koncev in tudi zahtevnost poti je na izbiro. Le\u017ei na obrobju Triglavskega narodnega parka. Krasna razgledna to\u010dka tako na sever kot na jug. Bohinjsko jezero tokrat iz vi\u0161in! [&hellip;]<\/p>\n","protected":false},"author":1,"featured_media":5524,"comment_status":"open","ping_status":"open","sticky":false,"template":"","format":"standard","meta":[],"categories":[2,6],"tags":[],"_links":{"self":[{"href":"https:\/\/milenacapuder.si\/index.php?rest_route=\/wp\/v2\/posts\/5548"}],"collection":[{"href":"https:\/\/milenacapuder.si\/index.php?rest_route=\/wp\/v2\/posts"}],"about":[{"href":"https:\/\/milenacapuder.si\/index.php?rest_route=\/wp\/v2\/types\/post"}],"author":[{"embeddable":true,"href":"https:\/\/milenacapuder.si\/index.php?rest_route=\/wp\/v2\/users\/1"}],"replies":[{"embeddable":true,"href":"https:\/\/milenacapuder.si\/index.php?rest_route=%2Fwp%2Fv2%2Fcomments&post=5548"}],"version-history":[{"count":7,"href":"https:\/\/milenacapuder.si\/index.php?rest_route=\/wp\/v2\/posts\/5548\/revisions"}],"predecessor-version":[{"id":5570,"href":"https:\/\/milenacapuder.si\/index.php?rest_route=\/wp\/v2\/posts\/5548\/revisions\/5570"}],"wp:featuredmedia":[{"embeddable":true,"href":"https:\/\/milenacapuder.si\/index.php?rest_route=\/wp\/v2\/media\/5524"}],"wp:attachment":[{"href":"https:\/\/milenacapuder.si\/index.php?rest_route=%2Fwp%2Fv2%2Fmedia&parent=5548"}],"wp:term":[{"taxonomy":"category","embeddable":true,"href":"https:\/\/milenacapuder.si\/index.php?rest_route=%2Fwp%2Fv2%2Fcategories&post=5548"},{"taxonomy":"post_tag","embeddable":true,"href":"https:\/\/milenacapuder.si\/index.php?rest_route=%2Fwp%2Fv2%2Ftags&post=5548"}],"curies":[{"name":"wp","href":"https:\/\/api.w.org\/{rel}","templated":true}]}}