{"id":564,"date":"2014-11-23T10:05:19","date_gmt":"2014-11-23T10:05:19","guid":{"rendered":"http:\/\/milenacapuder.si\/?p=564"},"modified":"2015-06-27T09:55:35","modified_gmt":"2015-06-27T09:55:35","slug":"564","status":"publish","type":"post","link":"https:\/\/milenacapuder.si\/?p=564","title":{"rendered":"Na Jezercih"},"content":{"rendered":"<p style=\"text-align: center;\">Skoraj pomladno vzdu\u0161je \u00a0je \u010dutiti pod Krvavcem.\u00a0Na soncu je prijetno toplo, zrak pa je sve\u017e &#8211; prava kombinacija za polnjenje baterij za prihajajo\u010di \u00a0teden.<\/p>\n<p style=\"text-align: center;\"><a href=\"http:\/\/milenacapuder.si\/wp-content\/uploads\/2014\/11\/IMG_9275-Small.jpg\"><img decoding=\"async\" loading=\"lazy\" class=\"alignnone size-full wp-image-567\" src=\"http:\/\/milenacapuder.si\/wp-content\/uploads\/2014\/11\/IMG_9275-Small.jpg\" alt=\"IMG_9275 (Small)\" width=\"480\" height=\"720\" srcset=\"https:\/\/milenacapuder.si\/wp-content\/uploads\/2014\/11\/IMG_9275-Small.jpg 480w, https:\/\/milenacapuder.si\/wp-content\/uploads\/2014\/11\/IMG_9275-Small-200x300.jpg 200w\" sizes=\"(max-width: 480px) 100vw, 480px\" \/><\/a><\/p>\n<p style=\"text-align: center;\">Medtem ko na Voglu \u017ee smu\u010dajo, lahko tu u\u017eivamo med \u00a0trobenticami, telohom, svi\u0161\u010dem, marjeticami in tudi encijan je \u017ee\u00a0vmes.<\/p>\n<p style=\"text-align: center;\"><img decoding=\"async\" loading=\"lazy\" class=\"alignnone size-full wp-image-566\" src=\"http:\/\/milenacapuder.si\/wp-content\/uploads\/2014\/11\/BeFunky_IMG_9296-Small.jpg-Small.jpg\" alt=\"BeFunky_IMG_9296 (Small).jpg (Small)\" width=\"776\" height=\"480\" srcset=\"https:\/\/milenacapuder.si\/wp-content\/uploads\/2014\/11\/BeFunky_IMG_9296-Small.jpg-Small.jpg 776w, https:\/\/milenacapuder.si\/wp-content\/uploads\/2014\/11\/BeFunky_IMG_9296-Small.jpg-Small-300x185.jpg 300w\" sizes=\"(max-width: 776px) 100vw, 776px\" \/><\/p>\n<p style=\"text-align: center;\">Stor\u017ei\u010d,Tolsti vrh in Kri\u0161ka planina se &#8220;martin\u010dkajo&#8221; na soncu.<\/p>\n<p style=\"text-align: center;\"><a href=\"http:\/\/milenacapuder.si\/wp-content\/uploads\/2014\/11\/IMG_9283-Small.jpg\"><img decoding=\"async\" loading=\"lazy\" class=\"alignnone size-full wp-image-568\" src=\"http:\/\/milenacapuder.si\/wp-content\/uploads\/2014\/11\/IMG_9283-Small.jpg\" alt=\"IMG_9283 (Small)\" width=\"774\" height=\"480\" srcset=\"https:\/\/milenacapuder.si\/wp-content\/uploads\/2014\/11\/IMG_9283-Small.jpg 774w, https:\/\/milenacapuder.si\/wp-content\/uploads\/2014\/11\/IMG_9283-Small-300x186.jpg 300w\" sizes=\"(max-width: 774px) 100vw, 774px\" \/><\/a><\/p>\n<p style=\"text-align: center;\">Danes je morje megle precej razburkano. \u00a0Pravo nasprotje preteklih dni.<\/p>\n<p style=\"text-align: center;\"><a href=\"http:\/\/milenacapuder.si\/wp-content\/uploads\/2014\/11\/IMG_9289-Small.jpg\"><img decoding=\"async\" loading=\"lazy\" class=\"alignnone size-full wp-image-569\" src=\"http:\/\/milenacapuder.si\/wp-content\/uploads\/2014\/11\/IMG_9289-Small.jpg\" alt=\"IMG_9289 (Small)\" width=\"720\" height=\"480\" srcset=\"https:\/\/milenacapuder.si\/wp-content\/uploads\/2014\/11\/IMG_9289-Small.jpg 720w, https:\/\/milenacapuder.si\/wp-content\/uploads\/2014\/11\/IMG_9289-Small-300x200.jpg 300w\" sizes=\"(max-width: 720px) 100vw, 720px\" \/><\/a><\/p>\n<p><img decoding=\"async\" loading=\"lazy\" class=\"alignnone size-full wp-image-565\" src=\"http:\/\/milenacapuder.si\/wp-content\/uploads\/2014\/11\/befunky_artwork.jpg-Small.jpg\" alt=\"befunky_artwork.jpg (Small)\" width=\"517\" height=\"480\" srcset=\"https:\/\/milenacapuder.si\/wp-content\/uploads\/2014\/11\/befunky_artwork.jpg-Small.jpg 517w, https:\/\/milenacapuder.si\/wp-content\/uploads\/2014\/11\/befunky_artwork.jpg-Small-300x278.jpg 300w\" sizes=\"(max-width: 517px) 100vw, 517px\" \/><\/p>\n<p><a href=\"http:\/\/milenacapuder.si\/wp-content\/uploads\/2014\/11\/IMG_9290-Small.jpg\"><img decoding=\"async\" loading=\"lazy\" class=\"alignnone size-full wp-image-570\" src=\"http:\/\/milenacapuder.si\/wp-content\/uploads\/2014\/11\/IMG_9290-Small.jpg\" alt=\"IMG_9290 (Small)\" width=\"720\" height=\"480\" srcset=\"https:\/\/milenacapuder.si\/wp-content\/uploads\/2014\/11\/IMG_9290-Small.jpg 720w, https:\/\/milenacapuder.si\/wp-content\/uploads\/2014\/11\/IMG_9290-Small-300x200.jpg 300w\" sizes=\"(max-width: 720px) 100vw, 720px\" \/><\/a><\/p>\n<p style=\"text-align: center;\"><a href=\"http:\/\/milenacapuder.si\/wp-content\/uploads\/2014\/11\/IMG_9294-Small.jpg\"><img decoding=\"async\" loading=\"lazy\" class=\"alignnone size-full wp-image-571\" src=\"http:\/\/milenacapuder.si\/wp-content\/uploads\/2014\/11\/IMG_9294-Small.jpg\" alt=\"IMG_9294 (Small)\" width=\"720\" height=\"480\" srcset=\"https:\/\/milenacapuder.si\/wp-content\/uploads\/2014\/11\/IMG_9294-Small.jpg 720w, https:\/\/milenacapuder.si\/wp-content\/uploads\/2014\/11\/IMG_9294-Small-300x200.jpg 300w\" sizes=\"(max-width: 720px) 100vw, 720px\" \/><\/a><\/p>\n<p style=\"text-align: center;\">V ozadju Sne\u017enik &#8211; za njim pa tako reko\u010d \u017ee morje. Kako dale\u010d nam se\u017ee pogled.<\/p>\n<p style=\"text-align: center;\"><a href=\"http:\/\/milenacapuder.si\/wp-content\/uploads\/2014\/11\/IMG_9296-Small.jpg\"><img decoding=\"async\" loading=\"lazy\" class=\"alignnone size-full wp-image-572\" src=\"http:\/\/milenacapuder.si\/wp-content\/uploads\/2014\/11\/IMG_9296-Small.jpg\" alt=\"IMG_9296 (Small)\" width=\"668\" height=\"417\" srcset=\"https:\/\/milenacapuder.si\/wp-content\/uploads\/2014\/11\/IMG_9296-Small.jpg 668w, https:\/\/milenacapuder.si\/wp-content\/uploads\/2014\/11\/IMG_9296-Small-300x187.jpg 300w\" sizes=\"(max-width: 668px) 100vw, 668px\" \/><\/a><\/p>\n<p style=\"text-align: center;\"><a href=\"http:\/\/milenacapuder.si\/wp-content\/uploads\/2014\/11\/IMG_9298-Small.jpg\"><img decoding=\"async\" loading=\"lazy\" class=\"alignnone size-full wp-image-573\" src=\"http:\/\/milenacapuder.si\/wp-content\/uploads\/2014\/11\/IMG_9298-Small.jpg\" alt=\"IMG_9298 (Small)\" width=\"480\" height=\"720\" srcset=\"https:\/\/milenacapuder.si\/wp-content\/uploads\/2014\/11\/IMG_9298-Small.jpg 480w, https:\/\/milenacapuder.si\/wp-content\/uploads\/2014\/11\/IMG_9298-Small-200x300.jpg 200w\" sizes=\"(max-width: 480px) 100vw, 480px\" \/><\/a><\/p>\n<p style=\"text-align: center;\">Krvavec kar kli\u010de po snegu.<\/p>\n<p style=\"text-align: center;\"><a href=\"http:\/\/milenacapuder.si\/wp-content\/uploads\/2014\/11\/IMG_9299-Small.jpg\"><img decoding=\"async\" loading=\"lazy\" class=\"alignnone size-full wp-image-574\" src=\"http:\/\/milenacapuder.si\/wp-content\/uploads\/2014\/11\/IMG_9299-Small.jpg\" alt=\"IMG_9299 (Small)\" width=\"720\" height=\"480\" srcset=\"https:\/\/milenacapuder.si\/wp-content\/uploads\/2014\/11\/IMG_9299-Small.jpg 720w, https:\/\/milenacapuder.si\/wp-content\/uploads\/2014\/11\/IMG_9299-Small-300x200.jpg 300w\" sizes=\"(max-width: 720px) 100vw, 720px\" \/><\/a><\/p>\n<p style=\"text-align: center;\"><a href=\"http:\/\/milenacapuder.si\/wp-content\/uploads\/2014\/11\/IMG_9303-Small.jpg\"><img decoding=\"async\" loading=\"lazy\" class=\"alignnone size-full wp-image-575\" src=\"http:\/\/milenacapuder.si\/wp-content\/uploads\/2014\/11\/IMG_9303-Small.jpg\" alt=\"IMG_9303 (Small)\" width=\"480\" height=\"720\" srcset=\"https:\/\/milenacapuder.si\/wp-content\/uploads\/2014\/11\/IMG_9303-Small.jpg 480w, https:\/\/milenacapuder.si\/wp-content\/uploads\/2014\/11\/IMG_9303-Small-200x300.jpg 200w\" sizes=\"(max-width: 480px) 100vw, 480px\" \/><\/a><\/p>\n<p style=\"text-align: center;\">\u0160e pogled v Kamni\u0161ki konec. Samaaa megla, sem pa tja jo veter odpihne \u00a0iz Kamni\u0161kih vrhov. Velika Planina pa je dobro prezra\u010dena.<\/p>\n<p><a href=\"http:\/\/milenacapuder.si\/wp-content\/uploads\/2014\/11\/IMG_9309-Small.jpg\"><img decoding=\"async\" loading=\"lazy\" class=\"alignnone size-full wp-image-576\" src=\"http:\/\/milenacapuder.si\/wp-content\/uploads\/2014\/11\/IMG_9309-Small.jpg\" alt=\"IMG_9309 (Small)\" width=\"720\" height=\"480\" srcset=\"https:\/\/milenacapuder.si\/wp-content\/uploads\/2014\/11\/IMG_9309-Small.jpg 720w, https:\/\/milenacapuder.si\/wp-content\/uploads\/2014\/11\/IMG_9309-Small-300x200.jpg 300w\" sizes=\"(max-width: 720px) 100vw, 720px\" \/><\/a><\/p>\n","protected":false},"excerpt":{"rendered":"<p>Skoraj pomladno vzdu\u0161je \u00a0je \u010dutiti pod Krvavcem.\u00a0Na soncu je prijetno toplo, zrak pa je sve\u017e &#8211; prava kombinacija za polnjenje baterij za prihajajo\u010di \u00a0teden. Medtem ko na Voglu \u017ee smu\u010dajo, lahko tu u\u017eivamo med \u00a0trobenticami, telohom, svi\u0161\u010dem, marjeticami in tudi encijan je \u017ee\u00a0vmes. Stor\u017ei\u010d,Tolsti vrh in Kri\u0161ka planina se &#8220;martin\u010dkajo&#8221; na soncu. Danes je morje [&hellip;]<\/p>\n","protected":false},"author":1,"featured_media":572,"comment_status":"open","ping_status":"open","sticky":false,"template":"","format":"standard","meta":[],"categories":[2,3,6,7,1],"tags":[],"_links":{"self":[{"href":"https:\/\/milenacapuder.si\/index.php?rest_route=\/wp\/v2\/posts\/564"}],"collection":[{"href":"https:\/\/milenacapuder.si\/index.php?rest_route=\/wp\/v2\/posts"}],"about":[{"href":"https:\/\/milenacapuder.si\/index.php?rest_route=\/wp\/v2\/types\/post"}],"author":[{"embeddable":true,"href":"https:\/\/milenacapuder.si\/index.php?rest_route=\/wp\/v2\/users\/1"}],"replies":[{"embeddable":true,"href":"https:\/\/milenacapuder.si\/index.php?rest_route=%2Fwp%2Fv2%2Fcomments&post=564"}],"version-history":[{"count":8,"href":"https:\/\/milenacapuder.si\/index.php?rest_route=\/wp\/v2\/posts\/564\/revisions"}],"predecessor-version":[{"id":586,"href":"https:\/\/milenacapuder.si\/index.php?rest_route=\/wp\/v2\/posts\/564\/revisions\/586"}],"wp:featuredmedia":[{"embeddable":true,"href":"https:\/\/milenacapuder.si\/index.php?rest_route=\/wp\/v2\/media\/572"}],"wp:attachment":[{"href":"https:\/\/milenacapuder.si\/index.php?rest_route=%2Fwp%2Fv2%2Fmedia&parent=564"}],"wp:term":[{"taxonomy":"category","embeddable":true,"href":"https:\/\/milenacapuder.si\/index.php?rest_route=%2Fwp%2Fv2%2Fcategories&post=564"},{"taxonomy":"post_tag","embeddable":true,"href":"https:\/\/milenacapuder.si\/index.php?rest_route=%2Fwp%2Fv2%2Ftags&post=564"}],"curies":[{"name":"wp","href":"https:\/\/api.w.org\/{rel}","templated":true}]}}