{"id":5781,"date":"2016-08-17T14:59:48","date_gmt":"2016-08-17T14:59:48","guid":{"rendered":"http:\/\/milenacapuder.si\/?p=5781"},"modified":"2016-08-17T16:59:40","modified_gmt":"2016-08-17T16:59:40","slug":"planina-zaprikraj-in-koseska-soteska","status":"publish","type":"post","link":"https:\/\/milenacapuder.si\/?p=5781","title":{"rendered":"Planina Zaprikraj in Kose\u0161ka soteska"},"content":{"rendered":"<p style=\"text-align: center;\">Planina Zaprikraj : \u00a0travna pobo\u010dja pod grebenom Krni\u0161\u010dice<\/p>\n<p style=\"text-align: center;\"><img decoding=\"async\" loading=\"lazy\" class=\"aligncenter size-full wp-image-5808\" src=\"http:\/\/milenacapuder.si\/wp-content\/uploads\/2016\/08\/IMG_1954-Small.jpg\" alt=\"IMG_1954 (Small)\" width=\"480\" height=\"720\" srcset=\"https:\/\/milenacapuder.si\/wp-content\/uploads\/2016\/08\/IMG_1954-Small.jpg 480w, https:\/\/milenacapuder.si\/wp-content\/uploads\/2016\/08\/IMG_1954-Small-200x300.jpg 200w\" sizes=\"(max-width: 480px) 100vw, 480px\" \/><\/p>\n<p style=\"text-align: center;\">Dre\u017enica &#8211; \u00a0ena od mo\u017enosti izhodi\u0161\u010da na planine<\/p>\n<p><a href=\"http:\/\/milenacapuder.si\/wp-content\/uploads\/2016\/08\/IMG_1960-Small.jpg\"><img decoding=\"async\" loading=\"lazy\" class=\"aligncenter size-full wp-image-5784\" src=\"http:\/\/milenacapuder.si\/wp-content\/uploads\/2016\/08\/IMG_1960-Small.jpg\" alt=\"IMG_1960 (Small)\" width=\"720\" height=\"480\" srcset=\"https:\/\/milenacapuder.si\/wp-content\/uploads\/2016\/08\/IMG_1960-Small.jpg 720w, https:\/\/milenacapuder.si\/wp-content\/uploads\/2016\/08\/IMG_1960-Small-300x200.jpg 300w\" sizes=\"(max-width: 720px) 100vw, 720px\" \/><\/a><\/p>\n<p style=\"text-align: center;\">Narava, kamorkoli ti se\u017ee pogled.<\/p>\n<p><img decoding=\"async\" loading=\"lazy\" class=\"aligncenter size-full wp-image-5788\" src=\"http:\/\/milenacapuder.si\/wp-content\/uploads\/2016\/08\/IMG_1970-Small.jpg\" alt=\"IMG_1970 (Small)\" width=\"720\" height=\"480\" srcset=\"https:\/\/milenacapuder.si\/wp-content\/uploads\/2016\/08\/IMG_1970-Small.jpg 720w, https:\/\/milenacapuder.si\/wp-content\/uploads\/2016\/08\/IMG_1970-Small-300x200.jpg 300w\" sizes=\"(max-width: 720px) 100vw, 720px\" \/><\/p>\n<p><a href=\"http:\/\/milenacapuder.si\/wp-content\/uploads\/2016\/08\/IMG_1961-Small.jpg\"><img decoding=\"async\" loading=\"lazy\" class=\"aligncenter size-full wp-image-5785\" src=\"http:\/\/milenacapuder.si\/wp-content\/uploads\/2016\/08\/IMG_1961-Small.jpg\" alt=\"IMG_1961 (Small)\" width=\"480\" height=\"720\" srcset=\"https:\/\/milenacapuder.si\/wp-content\/uploads\/2016\/08\/IMG_1961-Small.jpg 480w, https:\/\/milenacapuder.si\/wp-content\/uploads\/2016\/08\/IMG_1961-Small-200x300.jpg 200w\" sizes=\"(max-width: 480px) 100vw, 480px\" \/><\/a><\/p>\n<p style=\"text-align: center;\">Tu se mora\u0161 odlo\u010diti. Levo ali desno.<\/p>\n<p><a href=\"http:\/\/milenacapuder.si\/wp-content\/uploads\/2016\/08\/IMG_1963-Small.jpg\"><img decoding=\"async\" loading=\"lazy\" class=\"aligncenter size-full wp-image-5786\" src=\"http:\/\/milenacapuder.si\/wp-content\/uploads\/2016\/08\/IMG_1963-Small.jpg\" alt=\"IMG_1963 (Small)\" width=\"480\" height=\"720\" srcset=\"https:\/\/milenacapuder.si\/wp-content\/uploads\/2016\/08\/IMG_1963-Small.jpg 480w, https:\/\/milenacapuder.si\/wp-content\/uploads\/2016\/08\/IMG_1963-Small-200x300.jpg 200w\" sizes=\"(max-width: 480px) 100vw, 480px\" \/><\/a><\/p>\n<p style=\"text-align: center;\">\u0160e dobro, da je ve\u010dina poti potekala po gozdu in vro\u010dina ni ve\u010d pritiskala tako mo\u010dno.<\/p>\n<p><a href=\"http:\/\/milenacapuder.si\/wp-content\/uploads\/2016\/08\/IMG_1965-Small.jpg\"><img decoding=\"async\" loading=\"lazy\" class=\"aligncenter size-full wp-image-5787\" src=\"http:\/\/milenacapuder.si\/wp-content\/uploads\/2016\/08\/IMG_1965-Small.jpg\" alt=\"IMG_1965 (Small)\" width=\"720\" height=\"480\" srcset=\"https:\/\/milenacapuder.si\/wp-content\/uploads\/2016\/08\/IMG_1965-Small.jpg 720w, https:\/\/milenacapuder.si\/wp-content\/uploads\/2016\/08\/IMG_1965-Small-300x200.jpg 300w\" sizes=\"(max-width: 720px) 100vw, 720px\" \/><\/a><\/p>\n<p style=\"text-align: center;\">Od lisi\u010dke do metulj\u010dkov- povsod polno \u017eivljenja.<\/p>\n<p><a href=\"http:\/\/milenacapuder.si\/wp-content\/uploads\/2016\/08\/IMG_1978-Small.jpg\"><img decoding=\"async\" loading=\"lazy\" class=\"aligncenter size-full wp-image-5789\" src=\"http:\/\/milenacapuder.si\/wp-content\/uploads\/2016\/08\/IMG_1978-Small.jpg\" alt=\"IMG_1978 (Small)\" width=\"720\" height=\"480\" srcset=\"https:\/\/milenacapuder.si\/wp-content\/uploads\/2016\/08\/IMG_1978-Small.jpg 720w, https:\/\/milenacapuder.si\/wp-content\/uploads\/2016\/08\/IMG_1978-Small-300x200.jpg 300w\" sizes=\"(max-width: 720px) 100vw, 720px\" \/><\/a><\/p>\n<p><img decoding=\"async\" loading=\"lazy\" class=\"aligncenter size-full wp-image-5796\" src=\"http:\/\/milenacapuder.si\/wp-content\/uploads\/2016\/08\/IMG_1992-Small.jpg\" alt=\"IMG_1992 (Small)\" width=\"720\" height=\"480\" srcset=\"https:\/\/milenacapuder.si\/wp-content\/uploads\/2016\/08\/IMG_1992-Small.jpg 720w, https:\/\/milenacapuder.si\/wp-content\/uploads\/2016\/08\/IMG_1992-Small-300x200.jpg 300w\" sizes=\"(max-width: 720px) 100vw, 720px\" \/><\/p>\n<p style=\"text-align: center;\">Kamniti hlevi, stisnjeni pod rob, dajo streho tudi 50 glavam \u017eivine. Sodobna sirarna, kuhinja in bivali\u0161\u010de pa stojijo poleg njih. \u010ce se najavite lahko tu tudi prespite. Presenetila me je gostoljubnost doma\u010dinov, ki so bili trenutno tam. Da ti kot pohodniku ponudijo pivo in zanj no\u010dejo pla\u010dila, res ni vsakdanje. \u00a0Od pastirjev sva izvedela marsikaj zanimivega o \u017eivljenju na planini.<\/p>\n<p><a href=\"http:\/\/milenacapuder.si\/wp-content\/uploads\/2016\/08\/IMG_1982-Small.jpg\"><img decoding=\"async\" loading=\"lazy\" class=\"aligncenter size-full wp-image-5790\" src=\"http:\/\/milenacapuder.si\/wp-content\/uploads\/2016\/08\/IMG_1982-Small.jpg\" alt=\"IMG_1982 (Small)\" width=\"720\" height=\"480\" srcset=\"https:\/\/milenacapuder.si\/wp-content\/uploads\/2016\/08\/IMG_1982-Small.jpg 720w, https:\/\/milenacapuder.si\/wp-content\/uploads\/2016\/08\/IMG_1982-Small-300x200.jpg 300w\" sizes=\"(max-width: 720px) 100vw, 720px\" \/><\/a><\/p>\n<p style=\"text-align: center;\">Dan se za pastirje pri\u010dne ob \u0161tirih zjutraj, sledi mol\u017ea, potem pa krave od\u017eenejo na pa\u0161o. Po zajtrku nadaljujejo z deli v hlevu, o\u010distijo prostore, pripravijo drva in \u010de je potreba pomagajo tudi sirarju. Po kosilu sledi po\u010ditek do petih popoldan, potem pri\u017eenejo krave nazaj, da jih pomolzejo. Po kon\u010dani mol\u017ei jih do ve\u010dera ponovno od\u017eenejo na pa\u0161nike.<\/p>\n<p><a href=\"http:\/\/milenacapuder.si\/wp-content\/uploads\/2016\/08\/IMG_1983-Small.jpg\"><img decoding=\"async\" loading=\"lazy\" class=\"aligncenter size-full wp-image-5791\" src=\"http:\/\/milenacapuder.si\/wp-content\/uploads\/2016\/08\/IMG_1983-Small.jpg\" alt=\"IMG_1983 (Small)\" width=\"720\" height=\"480\" srcset=\"https:\/\/milenacapuder.si\/wp-content\/uploads\/2016\/08\/IMG_1983-Small.jpg 720w, https:\/\/milenacapuder.si\/wp-content\/uploads\/2016\/08\/IMG_1983-Small-300x200.jpg 300w\" sizes=\"(max-width: 720px) 100vw, 720px\" \/><\/a><\/p>\n<p style=\"text-align: center;\">\u017divinorejci so \u00a0tu \u00a0organizirani \u00a0v Pa\u0161no skupnost Zaprikraj. Pred pa\u0161no sezono se sestanejo in razdelijo opravila. Tako je vsak \u010dlan dol\u017ean oddelati en dan za vsako kravo, ki jo ima v posesti. \u00a0Skupaj najamejo sirarja, ki je na planini od prvega do zadnjega dne pa\u0161e. Gospodar na planini koordinira delo in skrbi, da vsak opravi delo za katerega je bil zadol\u017een.<\/p>\n<p><a href=\"http:\/\/milenacapuder.si\/wp-content\/uploads\/2016\/08\/gdfg.jpg\"><img decoding=\"async\" loading=\"lazy\" class=\"aligncenter size-large wp-image-5822\" src=\"http:\/\/milenacapuder.si\/wp-content\/uploads\/2016\/08\/gdfg-1024x722.jpg\" alt=\"gdfg\" width=\"789\" height=\"556\" srcset=\"https:\/\/milenacapuder.si\/wp-content\/uploads\/2016\/08\/gdfg-1024x722.jpg 1024w, https:\/\/milenacapuder.si\/wp-content\/uploads\/2016\/08\/gdfg-300x212.jpg 300w, https:\/\/milenacapuder.si\/wp-content\/uploads\/2016\/08\/gdfg-768x542.jpg 768w\" sizes=\"(max-width: 789px) 100vw, 789px\" \/><\/a><\/p>\n<p style=\"text-align: center;\">Tu se\u00a0dnevna koli\u010dina mleka predela v sir in skuto. \u00a0Sire je potreba namakati v solnici, dva tedna stare pa oprati plesni, pripraviti maslo, albuminsko skuto \u2026 dela res ne zmanjka, zato so pastirji po kon\u010danih pastirskih opravilih nujna desna roka sirarja.\u00a0Po treh tednih sir lahko \u017ee gre iz kleti, da dobi pravi okus pa \u0161ele po dveh mesecih.<\/p>\n<p><a href=\"http:\/\/milenacapuder.si\/wp-content\/uploads\/2016\/08\/IMG_1993-Small.jpg\"><img decoding=\"async\" loading=\"lazy\" class=\"aligncenter size-full wp-image-5797\" src=\"http:\/\/milenacapuder.si\/wp-content\/uploads\/2016\/08\/IMG_1993-Small.jpg\" alt=\"IMG_1993 (Small)\" width=\"720\" height=\"480\" srcset=\"https:\/\/milenacapuder.si\/wp-content\/uploads\/2016\/08\/IMG_1993-Small.jpg 720w, https:\/\/milenacapuder.si\/wp-content\/uploads\/2016\/08\/IMG_1993-Small-300x200.jpg 300w\" sizes=\"(max-width: 720px) 100vw, 720px\" \/><\/a><\/p>\n<p><a href=\"http:\/\/milenacapuder.si\/wp-content\/uploads\/2016\/08\/IMG_2006-Small.jpg\"><img decoding=\"async\" loading=\"lazy\" class=\"aligncenter size-full wp-image-5799\" src=\"http:\/\/milenacapuder.si\/wp-content\/uploads\/2016\/08\/IMG_2006-Small.jpg\" alt=\"IMG_2006 (Small)\" width=\"720\" height=\"480\" srcset=\"https:\/\/milenacapuder.si\/wp-content\/uploads\/2016\/08\/IMG_2006-Small.jpg 720w, https:\/\/milenacapuder.si\/wp-content\/uploads\/2016\/08\/IMG_2006-Small-300x200.jpg 300w\" sizes=\"(max-width: 720px) 100vw, 720px\" \/><\/a><\/p>\n<p><a href=\"http:\/\/milenacapuder.si\/wp-content\/uploads\/2016\/08\/IMG_2011-Small.jpg\"><img decoding=\"async\" loading=\"lazy\" class=\"aligncenter size-full wp-image-5800\" src=\"http:\/\/milenacapuder.si\/wp-content\/uploads\/2016\/08\/IMG_2011-Small.jpg\" alt=\"IMG_2011 (Small)\" width=\"480\" height=\"720\" srcset=\"https:\/\/milenacapuder.si\/wp-content\/uploads\/2016\/08\/IMG_2011-Small.jpg 480w, https:\/\/milenacapuder.si\/wp-content\/uploads\/2016\/08\/IMG_2011-Small-200x300.jpg 200w\" sizes=\"(max-width: 480px) 100vw, 480px\" \/><\/a><\/p>\n<p style=\"text-align: center;\">Nazaj v Dre\u017enico in po ohladitev v Kose\u0161ka korita.\u00a0Kro\u017ena pot se pri\u010dne v vasi Kose\u010d.<\/p>\n<p><a href=\"http:\/\/milenacapuder.si\/wp-content\/uploads\/2016\/08\/IMG_2016-Small.jpg\"><img decoding=\"async\" loading=\"lazy\" class=\"aligncenter size-full wp-image-5801\" src=\"http:\/\/milenacapuder.si\/wp-content\/uploads\/2016\/08\/IMG_2016-Small.jpg\" alt=\"IMG_2016 (Small)\" width=\"480\" height=\"720\" srcset=\"https:\/\/milenacapuder.si\/wp-content\/uploads\/2016\/08\/IMG_2016-Small.jpg 480w, https:\/\/milenacapuder.si\/wp-content\/uploads\/2016\/08\/IMG_2016-Small-200x300.jpg 200w\" sizes=\"(max-width: 480px) 100vw, 480px\" \/><\/a><\/p>\n<p style=\"text-align: center;\">Pot je lepo urejena in ozna\u010dena.\u00a0\u00a0Potok Stopnik je tu \u00a0ustvaril nekaj visokih slapov, ki nas spotoma prijetno hladijo.<\/p>\n<p><a href=\"http:\/\/milenacapuder.si\/wp-content\/uploads\/2016\/08\/IMG_2017-Small.jpg\"><img decoding=\"async\" loading=\"lazy\" class=\"aligncenter size-full wp-image-5802\" src=\"http:\/\/milenacapuder.si\/wp-content\/uploads\/2016\/08\/IMG_2017-Small.jpg\" alt=\"IMG_2017 (Small)\" width=\"480\" height=\"720\" srcset=\"https:\/\/milenacapuder.si\/wp-content\/uploads\/2016\/08\/IMG_2017-Small.jpg 480w, https:\/\/milenacapuder.si\/wp-content\/uploads\/2016\/08\/IMG_2017-Small-200x300.jpg 200w\" sizes=\"(max-width: 480px) 100vw, 480px\" \/><\/a><\/p>\n<p><a href=\"http:\/\/milenacapuder.si\/wp-content\/uploads\/2016\/08\/IMG_2038-Small.jpg\"><img decoding=\"async\" loading=\"lazy\" class=\"aligncenter size-full wp-image-5806\" src=\"http:\/\/milenacapuder.si\/wp-content\/uploads\/2016\/08\/IMG_2038-Small.jpg\" alt=\"IMG_2038 (Small)\" width=\"720\" height=\"480\" srcset=\"https:\/\/milenacapuder.si\/wp-content\/uploads\/2016\/08\/IMG_2038-Small.jpg 720w, https:\/\/milenacapuder.si\/wp-content\/uploads\/2016\/08\/IMG_2038-Small-300x200.jpg 300w\" sizes=\"(max-width: 720px) 100vw, 720px\" \/><\/a><\/p>\n<p style=\"text-align: center;\">V stenah Korit izvira kra\u0161ka voda in odlaga lehnjak, ki je prava znamenitost korit.<\/p>\n<p><a href=\"http:\/\/milenacapuder.si\/wp-content\/uploads\/2016\/08\/rtrzt.jpg\"><img decoding=\"async\" loading=\"lazy\" class=\"aligncenter size-large wp-image-5821\" src=\"http:\/\/milenacapuder.si\/wp-content\/uploads\/2016\/08\/rtrzt-1024x791.jpg\" alt=\"rtrzt\" width=\"789\" height=\"609\" srcset=\"https:\/\/milenacapuder.si\/wp-content\/uploads\/2016\/08\/rtrzt-1024x791.jpg 1024w, https:\/\/milenacapuder.si\/wp-content\/uploads\/2016\/08\/rtrzt-300x232.jpg 300w, https:\/\/milenacapuder.si\/wp-content\/uploads\/2016\/08\/rtrzt-768x593.jpg 768w\" sizes=\"(max-width: 789px) 100vw, 789px\" \/><\/a><\/p>\n<p style=\"text-align: center;\">60 m globoka, divja in te\u017eko dostopna Kose\u0161ka korita<\/p>\n<p><a href=\"http:\/\/milenacapuder.si\/wp-content\/uploads\/2016\/08\/IMG_1941-Small.jpg\"><img decoding=\"async\" loading=\"lazy\" class=\"aligncenter size-full wp-image-5807\" src=\"http:\/\/milenacapuder.si\/wp-content\/uploads\/2016\/08\/IMG_1941-Small.jpg\" alt=\"IMG_1941 (Small)\" width=\"480\" height=\"720\" srcset=\"https:\/\/milenacapuder.si\/wp-content\/uploads\/2016\/08\/IMG_1941-Small.jpg 480w, https:\/\/milenacapuder.si\/wp-content\/uploads\/2016\/08\/IMG_1941-Small-200x300.jpg 200w\" sizes=\"(max-width: 480px) 100vw, 480px\" \/><\/a><\/p>\n<p style=\"text-align: center;\">Po dobro izkori\u0161\u010denem lepem dnevu, je sledila ohladitev v Nadi\u017ei.<\/p>\n","protected":false},"excerpt":{"rendered":"<p>Planina Zaprikraj : \u00a0travna pobo\u010dja pod grebenom Krni\u0161\u010dice Dre\u017enica &#8211; \u00a0ena od mo\u017enosti izhodi\u0161\u010da na planine Narava, kamorkoli ti se\u017ee pogled. Tu se mora\u0161 odlo\u010diti. Levo ali desno. \u0160e dobro, da je ve\u010dina poti potekala po gozdu in vro\u010dina ni ve\u010d pritiskala tako mo\u010dno. Od lisi\u010dke do metulj\u010dkov- povsod polno \u017eivljenja. Kamniti hlevi, stisnjeni pod [&hellip;]<\/p>\n","protected":false},"author":1,"featured_media":5796,"comment_status":"open","ping_status":"open","sticky":false,"template":"","format":"standard","meta":[],"categories":[2,6],"tags":[],"_links":{"self":[{"href":"https:\/\/milenacapuder.si\/index.php?rest_route=\/wp\/v2\/posts\/5781"}],"collection":[{"href":"https:\/\/milenacapuder.si\/index.php?rest_route=\/wp\/v2\/posts"}],"about":[{"href":"https:\/\/milenacapuder.si\/index.php?rest_route=\/wp\/v2\/types\/post"}],"author":[{"embeddable":true,"href":"https:\/\/milenacapuder.si\/index.php?rest_route=\/wp\/v2\/users\/1"}],"replies":[{"embeddable":true,"href":"https:\/\/milenacapuder.si\/index.php?rest_route=%2Fwp%2Fv2%2Fcomments&post=5781"}],"version-history":[{"count":3,"href":"https:\/\/milenacapuder.si\/index.php?rest_route=\/wp\/v2\/posts\/5781\/revisions"}],"predecessor-version":[{"id":5823,"href":"https:\/\/milenacapuder.si\/index.php?rest_route=\/wp\/v2\/posts\/5781\/revisions\/5823"}],"wp:featuredmedia":[{"embeddable":true,"href":"https:\/\/milenacapuder.si\/index.php?rest_route=\/wp\/v2\/media\/5796"}],"wp:attachment":[{"href":"https:\/\/milenacapuder.si\/index.php?rest_route=%2Fwp%2Fv2%2Fmedia&parent=5781"}],"wp:term":[{"taxonomy":"category","embeddable":true,"href":"https:\/\/milenacapuder.si\/index.php?rest_route=%2Fwp%2Fv2%2Fcategories&post=5781"},{"taxonomy":"post_tag","embeddable":true,"href":"https:\/\/milenacapuder.si\/index.php?rest_route=%2Fwp%2Fv2%2Ftags&post=5781"}],"curies":[{"name":"wp","href":"https:\/\/api.w.org\/{rel}","templated":true}]}}