{"id":6128,"date":"2016-09-04T17:45:43","date_gmt":"2016-09-04T17:45:43","guid":{"rendered":"http:\/\/milenacapuder.si\/?p=6128"},"modified":"2016-09-04T17:45:43","modified_gmt":"2016-09-04T17:45:43","slug":"skuta","status":"publish","type":"post","link":"https:\/\/milenacapuder.si\/?p=6128","title":{"rendered":"Skuta"},"content":{"rendered":"<p style=\"text-align: center;\">Lepi dnevi kar kli\u010dejo po obisku gora. Tokrat so bile na vrsti Kamni\u0161ko Savinjske Alpe. Natan\u010dneje Skuta.<\/p>\n<p><img decoding=\"async\" loading=\"lazy\" class=\"aligncenter size-full wp-image-6129\" src=\"http:\/\/milenacapuder.si\/wp-content\/uploads\/2016\/09\/DSC00050-Small.jpg\" alt=\"DSC00050 (Small)\" width=\"640\" height=\"480\" srcset=\"https:\/\/milenacapuder.si\/wp-content\/uploads\/2016\/09\/DSC00050-Small.jpg 640w, https:\/\/milenacapuder.si\/wp-content\/uploads\/2016\/09\/DSC00050-Small-300x225.jpg 300w\" sizes=\"(max-width: 640px) 100vw, 640px\" \/><\/p>\n<p style=\"text-align: center;\">Rana ura, zlata ura. To dr\u017ei predvsem za planince. Jutra so najlep\u0161i deli dneva. Ozra\u010dje je \u010disto in prijetno hladno.<\/p>\n<p style=\"text-align: center;\"><img decoding=\"async\" loading=\"lazy\" class=\"aligncenter size-full wp-image-6134\" src=\"http:\/\/milenacapuder.si\/wp-content\/uploads\/2016\/09\/DSC00062-Small.jpg\" alt=\"DSC00062 (Small)\" width=\"640\" height=\"480\" srcset=\"https:\/\/milenacapuder.si\/wp-content\/uploads\/2016\/09\/DSC00062-Small.jpg 640w, https:\/\/milenacapuder.si\/wp-content\/uploads\/2016\/09\/DSC00062-Small-300x225.jpg 300w\" sizes=\"(max-width: 640px) 100vw, 640px\" \/><\/p>\n<p><img decoding=\"async\" loading=\"lazy\" class=\"aligncenter size-full wp-image-6132\" src=\"http:\/\/milenacapuder.si\/wp-content\/uploads\/2016\/09\/DSC00060-Small.jpg\" alt=\"DSC00060 (Small)\" width=\"640\" height=\"480\" srcset=\"https:\/\/milenacapuder.si\/wp-content\/uploads\/2016\/09\/DSC00060-Small.jpg 640w, https:\/\/milenacapuder.si\/wp-content\/uploads\/2016\/09\/DSC00060-Small-300x225.jpg 300w\" sizes=\"(max-width: 640px) 100vw, 640px\" \/><\/p>\n<p style=\"text-align: center;\">Ko pa vidi\u0161 da si na pravi poti, korak kar la\u017eje ste\u010de v to smer.<\/p>\n<p><a href=\"http:\/\/milenacapuder.si\/wp-content\/uploads\/2016\/09\/DSC00056-Small.jpg\"><img decoding=\"async\" loading=\"lazy\" class=\"aligncenter size-full wp-image-6130\" src=\"http:\/\/milenacapuder.si\/wp-content\/uploads\/2016\/09\/DSC00056-Small.jpg\" alt=\"DSC00056 (Small)\" width=\"640\" height=\"480\" srcset=\"https:\/\/milenacapuder.si\/wp-content\/uploads\/2016\/09\/DSC00056-Small.jpg 640w, https:\/\/milenacapuder.si\/wp-content\/uploads\/2016\/09\/DSC00056-Small-300x225.jpg 300w\" sizes=\"(max-width: 640px) 100vw, 640px\" \/><\/a><\/p>\n<p style=\"text-align: center;\">Suhadolnik, Kokr\u0161ko sedlo in potem smer proti \u0160truci,Skuti, je bila na\u010drtovana pot.<\/p>\n<p><a href=\"http:\/\/milenacapuder.si\/wp-content\/uploads\/2016\/09\/DSC00059-Small.jpg\"><img decoding=\"async\" loading=\"lazy\" class=\"aligncenter size-full wp-image-6131\" src=\"http:\/\/milenacapuder.si\/wp-content\/uploads\/2016\/09\/DSC00059-Small.jpg\" alt=\"DSC00059 (Small)\" width=\"640\" height=\"480\" srcset=\"https:\/\/milenacapuder.si\/wp-content\/uploads\/2016\/09\/DSC00059-Small.jpg 640w, https:\/\/milenacapuder.si\/wp-content\/uploads\/2016\/09\/DSC00059-Small-300x225.jpg 300w\" sizes=\"(max-width: 640px) 100vw, 640px\" \/><\/a><\/p>\n<p style=\"text-align: center;\">Zoisove zvon\u010dnice, skromne in nezahtevne, polep\u0161ajo prav vsako skalo.\u00a0<a href=\"http:\/\/milenacapuder.si\/wp-content\/uploads\/2016\/09\/DSC00060-Small.jpg\"><br \/>\n<\/a> <a href=\"http:\/\/milenacapuder.si\/wp-content\/uploads\/2016\/09\/DSC00061-Small.jpg\"><img decoding=\"async\" loading=\"lazy\" class=\"aligncenter size-full wp-image-6133\" src=\"http:\/\/milenacapuder.si\/wp-content\/uploads\/2016\/09\/DSC00061-Small.jpg\" alt=\"DSC00061 (Small)\" width=\"480\" height=\"640\" srcset=\"https:\/\/milenacapuder.si\/wp-content\/uploads\/2016\/09\/DSC00061-Small.jpg 480w, https:\/\/milenacapuder.si\/wp-content\/uploads\/2016\/09\/DSC00061-Small-225x300.jpg 225w\" sizes=\"(max-width: 480px) 100vw, 480px\" \/><\/a><\/p>\n<p><a href=\"http:\/\/milenacapuder.si\/wp-content\/uploads\/2016\/09\/DSC00065-Small.jpg\"><img decoding=\"async\" loading=\"lazy\" class=\"aligncenter size-full wp-image-6135\" src=\"http:\/\/milenacapuder.si\/wp-content\/uploads\/2016\/09\/DSC00065-Small.jpg\" alt=\"DSC00065 (Small)\" width=\"640\" height=\"480\" srcset=\"https:\/\/milenacapuder.si\/wp-content\/uploads\/2016\/09\/DSC00065-Small.jpg 640w, https:\/\/milenacapuder.si\/wp-content\/uploads\/2016\/09\/DSC00065-Small-300x225.jpg 300w\" sizes=\"(max-width: 640px) 100vw, 640px\" \/><\/a><\/p>\n<p style=\"text-align: center;\">Vro\u010d dan v dolini je zvabil v gore ogromno \u0161tevilo planincev. In kot po dogovoru se razporedijo po vseh vrhovih Alp.<\/p>\n<p><a href=\"http:\/\/milenacapuder.si\/wp-content\/uploads\/2016\/09\/DSC00071-Small.jpg\"><img decoding=\"async\" loading=\"lazy\" class=\"aligncenter size-full wp-image-6136\" src=\"http:\/\/milenacapuder.si\/wp-content\/uploads\/2016\/09\/DSC00071-Small.jpg\" alt=\"DSC00071 (Small)\" width=\"480\" height=\"640\" srcset=\"https:\/\/milenacapuder.si\/wp-content\/uploads\/2016\/09\/DSC00071-Small.jpg 480w, https:\/\/milenacapuder.si\/wp-content\/uploads\/2016\/09\/DSC00071-Small-225x300.jpg 225w\" sizes=\"(max-width: 480px) 100vw, 480px\" \/><\/a><\/p>\n<p style=\"text-align: center;\">Bivak pod Skuto. \u00a0Krasna pridobitev in zato\u010di\u0161\u010de planincem, ko to potrebujejo.<\/p>\n<p><a href=\"http:\/\/milenacapuder.si\/wp-content\/uploads\/2016\/09\/DSC00076-Small.jpg\"><img decoding=\"async\" loading=\"lazy\" class=\"aligncenter size-full wp-image-6137\" src=\"http:\/\/milenacapuder.si\/wp-content\/uploads\/2016\/09\/DSC00076-Small.jpg\" alt=\"DSC00076 (Small)\" width=\"640\" height=\"480\" srcset=\"https:\/\/milenacapuder.si\/wp-content\/uploads\/2016\/09\/DSC00076-Small.jpg 640w, https:\/\/milenacapuder.si\/wp-content\/uploads\/2016\/09\/DSC00076-Small-300x225.jpg 300w\" sizes=\"(max-width: 640px) 100vw, 640px\" \/><\/a><\/p>\n<p><a href=\"http:\/\/milenacapuder.si\/wp-content\/uploads\/2016\/09\/DSC00085-Small.jpg\"><img decoding=\"async\" loading=\"lazy\" class=\"aligncenter size-full wp-image-6138\" src=\"http:\/\/milenacapuder.si\/wp-content\/uploads\/2016\/09\/DSC00085-Small.jpg\" alt=\"DSC00085 (Small)\" width=\"640\" height=\"480\" srcset=\"https:\/\/milenacapuder.si\/wp-content\/uploads\/2016\/09\/DSC00085-Small.jpg 640w, https:\/\/milenacapuder.si\/wp-content\/uploads\/2016\/09\/DSC00085-Small-300x225.jpg 300w\" sizes=\"(max-width: 640px) 100vw, 640px\" \/><\/a><\/p>\n<p style=\"text-align: center;\">\u0160truca<\/p>\n<p><a href=\"http:\/\/milenacapuder.si\/wp-content\/uploads\/2016\/09\/DSC00087-Small.jpg\"><img decoding=\"async\" loading=\"lazy\" class=\"aligncenter size-full wp-image-6139\" src=\"http:\/\/milenacapuder.si\/wp-content\/uploads\/2016\/09\/DSC00087-Small.jpg\" alt=\"DSC00087 (Small)\" width=\"640\" height=\"480\" srcset=\"https:\/\/milenacapuder.si\/wp-content\/uploads\/2016\/09\/DSC00087-Small.jpg 640w, https:\/\/milenacapuder.si\/wp-content\/uploads\/2016\/09\/DSC00087-Small-300x225.jpg 300w\" sizes=\"(max-width: 640px) 100vw, 640px\" \/><\/a><\/p>\n<p style=\"text-align: center;\">Dose\u017een vrh na vi\u0161ini 2532 m.n.m., te nagradi s krasnimi razgledi po Alpah.<\/p>\n<p><a href=\"http:\/\/milenacapuder.si\/wp-content\/uploads\/2016\/09\/DSC00093-Small.jpg\"><img decoding=\"async\" loading=\"lazy\" class=\"aligncenter size-full wp-image-6141\" src=\"http:\/\/milenacapuder.si\/wp-content\/uploads\/2016\/09\/DSC00093-Small.jpg\" alt=\"DSC00093 (Small)\" width=\"640\" height=\"480\" srcset=\"https:\/\/milenacapuder.si\/wp-content\/uploads\/2016\/09\/DSC00093-Small.jpg 640w, https:\/\/milenacapuder.si\/wp-content\/uploads\/2016\/09\/DSC00093-Small-300x225.jpg 300w\" sizes=\"(max-width: 640px) 100vw, 640px\" \/><\/a><\/p>\n<p><a href=\"http:\/\/milenacapuder.si\/wp-content\/uploads\/2016\/09\/DSC00094-Small.jpg\"><img decoding=\"async\" loading=\"lazy\" class=\"aligncenter size-full wp-image-6142\" src=\"http:\/\/milenacapuder.si\/wp-content\/uploads\/2016\/09\/DSC00094-Small.jpg\" alt=\"DSC00094 (Small)\" width=\"480\" height=\"640\" srcset=\"https:\/\/milenacapuder.si\/wp-content\/uploads\/2016\/09\/DSC00094-Small.jpg 480w, https:\/\/milenacapuder.si\/wp-content\/uploads\/2016\/09\/DSC00094-Small-225x300.jpg 225w\" sizes=\"(max-width: 480px) 100vw, 480px\" \/><\/a><\/p>\n<p style=\"text-align: center;\">Grintovec, zahodni sosed Skute<\/p>\n<p style=\"text-align: center;\"><a href=\"http:\/\/milenacapuder.si\/wp-content\/uploads\/2016\/09\/DSC00101-Small.jpg\"><img decoding=\"async\" loading=\"lazy\" class=\"aligncenter size-full wp-image-6143\" src=\"http:\/\/milenacapuder.si\/wp-content\/uploads\/2016\/09\/DSC00101-Small.jpg\" alt=\"DSC00101 (Small)\" width=\"480\" height=\"640\" srcset=\"https:\/\/milenacapuder.si\/wp-content\/uploads\/2016\/09\/DSC00101-Small.jpg 480w, https:\/\/milenacapuder.si\/wp-content\/uploads\/2016\/09\/DSC00101-Small-225x300.jpg 225w\" sizes=\"(max-width: 480px) 100vw, 480px\" \/><\/a>\u010ceprav bivak nudi malo sence, je ta \u0161e kako dobrodo\u0161la za po\u010ditek.<\/p>\n<p><a href=\"http:\/\/milenacapuder.si\/wp-content\/uploads\/2016\/09\/DSC00090-Small.jpg\"><img decoding=\"async\" loading=\"lazy\" class=\"aligncenter size-full wp-image-6145\" src=\"http:\/\/milenacapuder.si\/wp-content\/uploads\/2016\/09\/DSC00090-Small.jpg\" alt=\"DSC00090 (Small)\" width=\"640\" height=\"480\" srcset=\"https:\/\/milenacapuder.si\/wp-content\/uploads\/2016\/09\/DSC00090-Small.jpg 640w, https:\/\/milenacapuder.si\/wp-content\/uploads\/2016\/09\/DSC00090-Small-300x225.jpg 300w\" sizes=\"(max-width: 640px) 100vw, 640px\" \/><\/a><\/p>\n<p style=\"text-align: center;\">Triglav, kralj gora, \u00a0nadzoruje dogajanje po gorah od morja do Prekmurja.<\/p>\n","protected":false},"excerpt":{"rendered":"<p>Lepi dnevi kar kli\u010dejo po obisku gora. Tokrat so bile na vrsti Kamni\u0161ko Savinjske Alpe. Natan\u010dneje Skuta. Rana ura, zlata ura. To dr\u017ei predvsem za planince. Jutra so najlep\u0161i deli dneva. Ozra\u010dje je \u010disto in prijetno hladno. Ko pa vidi\u0161 da si na pravi poti, korak kar la\u017eje ste\u010de v to smer. Suhadolnik, Kokr\u0161ko sedlo [&hellip;]<\/p>\n","protected":false},"author":1,"featured_media":6139,"comment_status":"open","ping_status":"open","sticky":false,"template":"","format":"standard","meta":[],"categories":[2],"tags":[],"_links":{"self":[{"href":"https:\/\/milenacapuder.si\/index.php?rest_route=\/wp\/v2\/posts\/6128"}],"collection":[{"href":"https:\/\/milenacapuder.si\/index.php?rest_route=\/wp\/v2\/posts"}],"about":[{"href":"https:\/\/milenacapuder.si\/index.php?rest_route=\/wp\/v2\/types\/post"}],"author":[{"embeddable":true,"href":"https:\/\/milenacapuder.si\/index.php?rest_route=\/wp\/v2\/users\/1"}],"replies":[{"embeddable":true,"href":"https:\/\/milenacapuder.si\/index.php?rest_route=%2Fwp%2Fv2%2Fcomments&post=6128"}],"version-history":[{"count":1,"href":"https:\/\/milenacapuder.si\/index.php?rest_route=\/wp\/v2\/posts\/6128\/revisions"}],"predecessor-version":[{"id":6146,"href":"https:\/\/milenacapuder.si\/index.php?rest_route=\/wp\/v2\/posts\/6128\/revisions\/6146"}],"wp:featuredmedia":[{"embeddable":true,"href":"https:\/\/milenacapuder.si\/index.php?rest_route=\/wp\/v2\/media\/6139"}],"wp:attachment":[{"href":"https:\/\/milenacapuder.si\/index.php?rest_route=%2Fwp%2Fv2%2Fmedia&parent=6128"}],"wp:term":[{"taxonomy":"category","embeddable":true,"href":"https:\/\/milenacapuder.si\/index.php?rest_route=%2Fwp%2Fv2%2Fcategories&post=6128"},{"taxonomy":"post_tag","embeddable":true,"href":"https:\/\/milenacapuder.si\/index.php?rest_route=%2Fwp%2Fv2%2Ftags&post=6128"}],"curies":[{"name":"wp","href":"https:\/\/api.w.org\/{rel}","templated":true}]}}