{"id":6482,"date":"2016-11-15T19:31:18","date_gmt":"2016-11-15T19:31:18","guid":{"rendered":"http:\/\/milenacapuder.si\/?p=6482"},"modified":"2016-11-16T07:22:30","modified_gmt":"2016-11-16T07:22:30","slug":"nedeljsko-jutro","status":"publish","type":"post","link":"https:\/\/milenacapuder.si\/?p=6482","title":{"rendered":"Nedeljsko jutro"},"content":{"rendered":"<p style=\"text-align: center;\">Obo\u017eujem jutra. \u00a0Rojstvo dneva, ki nam vsakemu prinese svojo zgodbo.<\/p>\n<p><a href=\"http:\/\/milenacapuder.si\/wp-content\/uploads\/2016\/11\/DSC00115-Small-1.jpg\"><img decoding=\"async\" loading=\"lazy\" class=\"aligncenter size-full wp-image-6507\" src=\"http:\/\/milenacapuder.si\/wp-content\/uploads\/2016\/11\/DSC00115-Small-1.jpg\" alt=\"dsc00115-small\" width=\"640\" height=\"480\" srcset=\"https:\/\/milenacapuder.si\/wp-content\/uploads\/2016\/11\/DSC00115-Small-1.jpg 640w, https:\/\/milenacapuder.si\/wp-content\/uploads\/2016\/11\/DSC00115-Small-1-300x225.jpg 300w\" sizes=\"(max-width: 640px) 100vw, 640px\" \/><\/a><\/p>\n<p style=\"text-align: center;\">\u00a0Jutra, ko brez te\u017eav vstanem iz postelje in se odpravim na sprehod v prebujajo\u010di se dan,\u00a0so jutra, ki me osre\u010dujejo.<\/p>\n<p><a href=\"http:\/\/milenacapuder.si\/wp-content\/uploads\/2016\/11\/DSC00116-Small-1.jpg\"><img decoding=\"async\" loading=\"lazy\" class=\"aligncenter size-full wp-image-6508\" src=\"http:\/\/milenacapuder.si\/wp-content\/uploads\/2016\/11\/DSC00116-Small-1.jpg\" alt=\"dsc00116-small\" width=\"640\" height=\"480\" srcset=\"https:\/\/milenacapuder.si\/wp-content\/uploads\/2016\/11\/DSC00116-Small-1.jpg 640w, https:\/\/milenacapuder.si\/wp-content\/uploads\/2016\/11\/DSC00116-Small-1-300x225.jpg 300w\" sizes=\"(max-width: 640px) 100vw, 640px\" \/><\/a><\/p>\n<p style=\"text-align: center;\">Svetloba se spreminja iz minute v minuto, \u00a0mraz popu\u0161\u010da in v daljavi zasli\u0161i\u0161 prebujajo\u010do se civilizacijo.<\/p>\n<p><a href=\"http:\/\/milenacapuder.si\/wp-content\/uploads\/2016\/11\/DSC00125-Small-1.jpg\"><img decoding=\"async\" loading=\"lazy\" class=\"aligncenter size-full wp-image-6509\" src=\"http:\/\/milenacapuder.si\/wp-content\/uploads\/2016\/11\/DSC00125-Small-1.jpg\" alt=\"dsc00125-small\" width=\"640\" height=\"480\" srcset=\"https:\/\/milenacapuder.si\/wp-content\/uploads\/2016\/11\/DSC00125-Small-1.jpg 640w, https:\/\/milenacapuder.si\/wp-content\/uploads\/2016\/11\/DSC00125-Small-1-300x225.jpg 300w\" sizes=\"(max-width: 640px) 100vw, 640px\" \/><\/a><\/p>\n<p style=\"text-align: center;\">Vrhove gora obli\u017eejo prvi rde\u010di son\u010dni \u017earki, ki s\u010dasoma postanejo vse bolj svetli in beli.<\/p>\n<p><a href=\"http:\/\/milenacapuder.si\/wp-content\/uploads\/2016\/11\/DSC00132-Small-1.jpg\"><img decoding=\"async\" loading=\"lazy\" class=\"aligncenter size-full wp-image-6510\" src=\"http:\/\/milenacapuder.si\/wp-content\/uploads\/2016\/11\/DSC00132-Small-1.jpg\" alt=\"dsc00132-small\" width=\"592\" height=\"441\" srcset=\"https:\/\/milenacapuder.si\/wp-content\/uploads\/2016\/11\/DSC00132-Small-1.jpg 592w, https:\/\/milenacapuder.si\/wp-content\/uploads\/2016\/11\/DSC00132-Small-1-300x223.jpg 300w\" sizes=\"(max-width: 592px) 100vw, 592px\" \/><\/a><\/p>\n<p style=\"text-align: center;\">Stor\u017ei\u010d<\/p>\n<p><a href=\"http:\/\/milenacapuder.si\/wp-content\/uploads\/2016\/11\/DSC00136-Small-1.jpg\"><img decoding=\"async\" loading=\"lazy\" class=\"aligncenter size-full wp-image-6511\" src=\"http:\/\/milenacapuder.si\/wp-content\/uploads\/2016\/11\/DSC00136-Small-1.jpg\" alt=\"dsc00136-small\" width=\"640\" height=\"480\" srcset=\"https:\/\/milenacapuder.si\/wp-content\/uploads\/2016\/11\/DSC00136-Small-1.jpg 640w, https:\/\/milenacapuder.si\/wp-content\/uploads\/2016\/11\/DSC00136-Small-1-300x225.jpg 300w\" sizes=\"(max-width: 640px) 100vw, 640px\" \/><\/a><\/p>\n<p style=\"text-align: center;\">\u00a0Jutranji mir: samo jaz, Bono, zaj\u010dki, srne, ptice,&#8230; Prava \u00a0idila.<\/p>\n<p><a href=\"http:\/\/milenacapuder.si\/wp-content\/uploads\/2016\/11\/DSC00187-Small-1.jpg\"><img decoding=\"async\" loading=\"lazy\" class=\"aligncenter size-full wp-image-6512\" src=\"http:\/\/milenacapuder.si\/wp-content\/uploads\/2016\/11\/DSC00187-Small-1.jpg\" alt=\"dsc00187-small\" width=\"640\" height=\"480\" srcset=\"https:\/\/milenacapuder.si\/wp-content\/uploads\/2016\/11\/DSC00187-Small-1.jpg 640w, https:\/\/milenacapuder.si\/wp-content\/uploads\/2016\/11\/DSC00187-Small-1-300x225.jpg 300w\" sizes=\"(max-width: 640px) 100vw, 640px\" \/><\/a><\/p>\n<p style=\"text-align: center;\">Slana je pri\u010darala pravo zimsko vzdu\u0161je: \u0161kripanje ledenih kristalov pod nogami in pu\u0161\u010danje sledi za seboj.<\/p>\n<p><a href=\"http:\/\/milenacapuder.si\/wp-content\/uploads\/2016\/11\/DSC00138-Small-1.jpg\"><img decoding=\"async\" loading=\"lazy\" class=\"aligncenter size-full wp-image-6513\" src=\"http:\/\/milenacapuder.si\/wp-content\/uploads\/2016\/11\/DSC00138-Small-1.jpg\" alt=\"dsc00138-small\" width=\"640\" height=\"480\" srcset=\"https:\/\/milenacapuder.si\/wp-content\/uploads\/2016\/11\/DSC00138-Small-1.jpg 640w, https:\/\/milenacapuder.si\/wp-content\/uploads\/2016\/11\/DSC00138-Small-1-300x225.jpg 300w\" sizes=\"(max-width: 640px) 100vw, 640px\" \/><\/a><\/p>\n<p style=\"text-align: center;\">In kar naenkrat izza oblaka pokuka rde\u010da krogla, ki obsije vsak koti\u010dek narave.<\/p>\n<p><a href=\"http:\/\/milenacapuder.si\/wp-content\/uploads\/2016\/11\/DSC00142-Small-1.jpg\"><img decoding=\"async\" loading=\"lazy\" class=\"aligncenter size-full wp-image-6514\" src=\"http:\/\/milenacapuder.si\/wp-content\/uploads\/2016\/11\/DSC00142-Small-1.jpg\" alt=\"dsc00142-small\" width=\"640\" height=\"480\" srcset=\"https:\/\/milenacapuder.si\/wp-content\/uploads\/2016\/11\/DSC00142-Small-1.jpg 640w, https:\/\/milenacapuder.si\/wp-content\/uploads\/2016\/11\/DSC00142-Small-1-300x225.jpg 300w\" sizes=\"(max-width: 640px) 100vw, 640px\" \/><\/a><a href=\"http:\/\/milenacapuder.si\/wp-content\/uploads\/2016\/11\/DSC00147-Small.jpg\"><br \/>\n<\/a><a href=\"http:\/\/milenacapuder.si\/wp-content\/uploads\/2016\/11\/DSC00167-Small-1.jpg\"><img decoding=\"async\" loading=\"lazy\" class=\"aligncenter size-full wp-image-6515\" src=\"http:\/\/milenacapuder.si\/wp-content\/uploads\/2016\/11\/DSC00167-Small-1.jpg\" alt=\"dsc00167-small\" width=\"611\" height=\"410\" srcset=\"https:\/\/milenacapuder.si\/wp-content\/uploads\/2016\/11\/DSC00167-Small-1.jpg 611w, https:\/\/milenacapuder.si\/wp-content\/uploads\/2016\/11\/DSC00167-Small-1-300x201.jpg 300w\" sizes=\"(max-width: 611px) 100vw, 611px\" \/><\/a><\/p>\n<p><a href=\"http:\/\/milenacapuder.si\/wp-content\/uploads\/2016\/11\/DSC00182-Small-1.jpg\"><img decoding=\"async\" loading=\"lazy\" class=\"aligncenter size-full wp-image-6516\" src=\"http:\/\/milenacapuder.si\/wp-content\/uploads\/2016\/11\/DSC00182-Small-1.jpg\" alt=\"dsc00182-small\" width=\"640\" height=\"480\" srcset=\"https:\/\/milenacapuder.si\/wp-content\/uploads\/2016\/11\/DSC00182-Small-1.jpg 640w, https:\/\/milenacapuder.si\/wp-content\/uploads\/2016\/11\/DSC00182-Small-1-300x225.jpg 300w\" sizes=\"(max-width: 640px) 100vw, 640px\" \/><\/a><\/p>\n<p style=\"text-align: center;\">Zadnja marjetica na travniku, ki \u00a0dokazuje, da je z vztrajnostjo vse mogo\u010de.<\/p>\n<p><a href=\"http:\/\/milenacapuder.si\/wp-content\/uploads\/2016\/11\/DSC00147-Small-1.jpg\"><img decoding=\"async\" loading=\"lazy\" class=\"aligncenter size-full wp-image-6519\" src=\"http:\/\/milenacapuder.si\/wp-content\/uploads\/2016\/11\/DSC00147-Small-1.jpg\" alt=\"dsc00147-small\" width=\"640\" height=\"480\" srcset=\"https:\/\/milenacapuder.si\/wp-content\/uploads\/2016\/11\/DSC00147-Small-1.jpg 640w, https:\/\/milenacapuder.si\/wp-content\/uploads\/2016\/11\/DSC00147-Small-1-300x225.jpg 300w\" sizes=\"(max-width: 640px) 100vw, 640px\" \/><\/a><\/p>\n<p style=\"text-align: center;\">Jutro se je prevesilo v dan in z Bonom sva zaklju\u010dila\u00a0jutranji sprehod med njivami in gozdovi \u00a0z lepimi vtisi.<\/p>\n<p><a href=\"http:\/\/milenacapuder.si\/wp-content\/uploads\/2016\/11\/DSC00171-Small.jpg\"><img decoding=\"async\" loading=\"lazy\" class=\"aligncenter size-full wp-image-6497\" src=\"http:\/\/milenacapuder.si\/wp-content\/uploads\/2016\/11\/DSC00171-Small.jpg\" alt=\"dsc00171-small\" width=\"640\" height=\"480\" srcset=\"https:\/\/milenacapuder.si\/wp-content\/uploads\/2016\/11\/DSC00171-Small.jpg 640w, https:\/\/milenacapuder.si\/wp-content\/uploads\/2016\/11\/DSC00171-Small-300x225.jpg 300w\" sizes=\"(max-width: 640px) 100vw, 640px\" \/><\/a><\/p>\n<p><a href=\"http:\/\/milenacapuder.si\/wp-content\/uploads\/2016\/11\/DSC00175-Small.jpg\"><img decoding=\"async\" loading=\"lazy\" class=\"aligncenter size-full wp-image-6498\" src=\"http:\/\/milenacapuder.si\/wp-content\/uploads\/2016\/11\/DSC00175-Small.jpg\" alt=\"dsc00175-small\" width=\"640\" height=\"480\" srcset=\"https:\/\/milenacapuder.si\/wp-content\/uploads\/2016\/11\/DSC00175-Small.jpg 640w, https:\/\/milenacapuder.si\/wp-content\/uploads\/2016\/11\/DSC00175-Small-300x225.jpg 300w\" sizes=\"(max-width: 640px) 100vw, 640px\" \/><\/a><\/p>\n<p style=\"text-align: center;\">Na vrtu pa je jutranja slana \u0161e vedno krasila zadnje odtenke pisanih barv poslavljajo\u010dega se cvetja in zelenja.<\/p>\n<p><a href=\"http:\/\/milenacapuder.si\/wp-content\/uploads\/2016\/11\/DSC00176-Small-1.jpg\"><img decoding=\"async\" loading=\"lazy\" class=\"aligncenter size-full wp-image-6517\" src=\"http:\/\/milenacapuder.si\/wp-content\/uploads\/2016\/11\/DSC00176-Small-1.jpg\" alt=\"dsc00176-small\" width=\"640\" height=\"480\" srcset=\"https:\/\/milenacapuder.si\/wp-content\/uploads\/2016\/11\/DSC00176-Small-1.jpg 640w, https:\/\/milenacapuder.si\/wp-content\/uploads\/2016\/11\/DSC00176-Small-1-300x225.jpg 300w\" sizes=\"(max-width: 640px) 100vw, 640px\" \/><\/a><\/p>\n<p><a href=\"http:\/\/milenacapuder.si\/wp-content\/uploads\/2016\/11\/DSC00177-Small-1.jpg\"><img decoding=\"async\" loading=\"lazy\" class=\"aligncenter size-large wp-image-6518\" src=\"http:\/\/milenacapuder.si\/wp-content\/uploads\/2016\/11\/DSC00177-Small-1.jpg\" alt=\"dsc00177-small\" width=\"640\" height=\"480\" srcset=\"https:\/\/milenacapuder.si\/wp-content\/uploads\/2016\/11\/DSC00177-Small-1.jpg 640w, https:\/\/milenacapuder.si\/wp-content\/uploads\/2016\/11\/DSC00177-Small-1-300x225.jpg 300w\" sizes=\"(max-width: 640px) 100vw, 640px\" \/><\/a><\/p>\n<p style=\"text-align: center;\">Jutra, katera pre\u017eivim v opazovanju narave, niso pogosta. Pa so zato toliko bolj za\u017eelena in dojemljiva.<\/p>\n<p>&nbsp;<\/p>\n<p>&nbsp;<\/p>\n","protected":false},"excerpt":{"rendered":"<p>Obo\u017eujem jutra. \u00a0Rojstvo dneva, ki nam vsakemu prinese svojo zgodbo. \u00a0Jutra, ko brez te\u017eav vstanem iz postelje in se odpravim na sprehod v prebujajo\u010di se dan,\u00a0so jutra, ki me osre\u010dujejo. Svetloba se spreminja iz minute v minuto, \u00a0mraz popu\u0161\u010da in v daljavi zasli\u0161i\u0161 prebujajo\u010do se civilizacijo. Vrhove gora obli\u017eejo prvi rde\u010di son\u010dni \u017earki, ki s\u010dasoma [&hellip;]<\/p>\n","protected":false},"author":1,"featured_media":6502,"comment_status":"open","ping_status":"open","sticky":false,"template":"","format":"standard","meta":[],"categories":[6],"tags":[],"_links":{"self":[{"href":"https:\/\/milenacapuder.si\/index.php?rest_route=\/wp\/v2\/posts\/6482"}],"collection":[{"href":"https:\/\/milenacapuder.si\/index.php?rest_route=\/wp\/v2\/posts"}],"about":[{"href":"https:\/\/milenacapuder.si\/index.php?rest_route=\/wp\/v2\/types\/post"}],"author":[{"embeddable":true,"href":"https:\/\/milenacapuder.si\/index.php?rest_route=\/wp\/v2\/users\/1"}],"replies":[{"embeddable":true,"href":"https:\/\/milenacapuder.si\/index.php?rest_route=%2Fwp%2Fv2%2Fcomments&post=6482"}],"version-history":[{"count":4,"href":"https:\/\/milenacapuder.si\/index.php?rest_route=\/wp\/v2\/posts\/6482\/revisions"}],"predecessor-version":[{"id":6520,"href":"https:\/\/milenacapuder.si\/index.php?rest_route=\/wp\/v2\/posts\/6482\/revisions\/6520"}],"wp:featuredmedia":[{"embeddable":true,"href":"https:\/\/milenacapuder.si\/index.php?rest_route=\/wp\/v2\/media\/6502"}],"wp:attachment":[{"href":"https:\/\/milenacapuder.si\/index.php?rest_route=%2Fwp%2Fv2%2Fmedia&parent=6482"}],"wp:term":[{"taxonomy":"category","embeddable":true,"href":"https:\/\/milenacapuder.si\/index.php?rest_route=%2Fwp%2Fv2%2Fcategories&post=6482"},{"taxonomy":"post_tag","embeddable":true,"href":"https:\/\/milenacapuder.si\/index.php?rest_route=%2Fwp%2Fv2%2Ftags&post=6482"}],"curies":[{"name":"wp","href":"https:\/\/api.w.org\/{rel}","templated":true}]}}