{"id":6922,"date":"2017-02-26T14:56:59","date_gmt":"2017-02-26T14:56:59","guid":{"rendered":"http:\/\/milenacapuder.si\/?p=6922"},"modified":"2017-02-26T16:59:01","modified_gmt":"2017-02-26T16:59:01","slug":"zadnje-zimsko-jutro","status":"publish","type":"post","link":"https:\/\/milenacapuder.si\/?p=6922","title":{"rendered":"Zadnje zimsko jutro"},"content":{"rendered":"<p style=\"text-align: center;\">Upam, da je bilo to zadnje sne\u017eeno jutro v tej zimi. \u00a0Res je prijetno v petek zve\u010der gledati \u010dez okno in opazovati ples sne\u017eink in se zjutraj prebuditi v belo odejo odeto okolico.<\/p>\n<p style=\"text-align: center;\"><a href=\"http:\/\/milenacapuder.si\/wp-content\/uploads\/2017\/02\/IMG_5812-Small.jpg\"><img decoding=\"async\" loading=\"lazy\" class=\"aligncenter size-full wp-image-6924\" src=\"http:\/\/milenacapuder.si\/wp-content\/uploads\/2017\/02\/IMG_5812-Small.jpg\" alt=\"\" width=\"720\" height=\"480\" srcset=\"https:\/\/milenacapuder.si\/wp-content\/uploads\/2017\/02\/IMG_5812-Small.jpg 720w, https:\/\/milenacapuder.si\/wp-content\/uploads\/2017\/02\/IMG_5812-Small-300x200.jpg 300w\" sizes=\"(max-width: 720px) 100vw, 720px\" \/><\/a><\/p>\n<p style=\"text-align: center;\">Lepa je bela narava, a samo \u0161e nekaj ur. Sonce je mo\u010dnej\u0161e in tega smo \u0161e bolj veseli kot snega. Pri\u010dakujemo \u00a0zelenje&#8230;&#8230;<\/p>\n<p><a href=\"http:\/\/milenacapuder.si\/wp-content\/uploads\/2017\/02\/IMG_5816-Small.jpg\"><img decoding=\"async\" loading=\"lazy\" class=\"aligncenter size-full wp-image-6925\" src=\"http:\/\/milenacapuder.si\/wp-content\/uploads\/2017\/02\/IMG_5816-Small.jpg\" alt=\"\" width=\"720\" height=\"480\" srcset=\"https:\/\/milenacapuder.si\/wp-content\/uploads\/2017\/02\/IMG_5816-Small.jpg 720w, https:\/\/milenacapuder.si\/wp-content\/uploads\/2017\/02\/IMG_5816-Small-300x200.jpg 300w\" sizes=\"(max-width: 720px) 100vw, 720px\" \/><\/a><\/p>\n<p style=\"text-align: center;\">Megla se je le po\u010dasi umikala iz na\u0161ih krajev in \u00a0slike se postajale \u010distej\u0161e in jasnej\u0161e. \u00a0 V ozadju Brnik in Stor\u017ei\u010d v megli.<\/p>\n<p style=\"text-align: center;\"><a href=\"http:\/\/milenacapuder.si\/wp-content\/uploads\/2017\/02\/IMG_5818-Small.jpg\"><img decoding=\"async\" loading=\"lazy\" class=\"aligncenter size-full wp-image-6927\" src=\"http:\/\/milenacapuder.si\/wp-content\/uploads\/2017\/02\/IMG_5818-Small.jpg\" alt=\"\" width=\"720\" height=\"480\" srcset=\"https:\/\/milenacapuder.si\/wp-content\/uploads\/2017\/02\/IMG_5818-Small.jpg 720w, https:\/\/milenacapuder.si\/wp-content\/uploads\/2017\/02\/IMG_5818-Small-300x200.jpg 300w\" sizes=\"(max-width: 720px) 100vw, 720px\" \/><\/a><\/p>\n<p><img decoding=\"async\" loading=\"lazy\" class=\"aligncenter size-full wp-image-6923\" src=\"http:\/\/milenacapuder.si\/wp-content\/uploads\/2017\/02\/IMG_5854-Small.jpg\" alt=\"\" width=\"480\" height=\"720\" srcset=\"https:\/\/milenacapuder.si\/wp-content\/uploads\/2017\/02\/IMG_5854-Small.jpg 480w, https:\/\/milenacapuder.si\/wp-content\/uploads\/2017\/02\/IMG_5854-Small-200x300.jpg 200w\" sizes=\"(max-width: 480px) 100vw, 480px\" \/><\/p>\n<p style=\"text-align: center;\">Na\u0161o de\u017eelo bi lahko poimenovali de\u017eela kozolcev. \u00a0 Redki od njih so \u0161e lepi, vzdr\u017eevani. Ostala ve\u010dina pa so primeri zase.<\/p>\n<p style=\"text-align: center;\"><img decoding=\"async\" loading=\"lazy\" class=\"aligncenter size-full wp-image-6936\" src=\"http:\/\/milenacapuder.si\/wp-content\/uploads\/2017\/02\/IMG_5843-Small.jpg\" alt=\"\" width=\"720\" height=\"480\" srcset=\"https:\/\/milenacapuder.si\/wp-content\/uploads\/2017\/02\/IMG_5843-Small.jpg 720w, https:\/\/milenacapuder.si\/wp-content\/uploads\/2017\/02\/IMG_5843-Small-300x200.jpg 300w\" sizes=\"(max-width: 720px) 100vw, 720px\" \/><\/p>\n<p style=\"text-align: center;\"><img decoding=\"async\" loading=\"lazy\" class=\"aligncenter size-full wp-image-6940\" src=\"http:\/\/milenacapuder.si\/wp-content\/uploads\/2017\/02\/IMG_5817-Small-1.jpg\" alt=\"\" width=\"720\" height=\"480\" srcset=\"https:\/\/milenacapuder.si\/wp-content\/uploads\/2017\/02\/IMG_5817-Small-1.jpg 720w, https:\/\/milenacapuder.si\/wp-content\/uploads\/2017\/02\/IMG_5817-Small-1-300x200.jpg 300w\" sizes=\"(max-width: 720px) 100vw, 720px\" \/><\/p>\n<p style=\"text-align: center;\">Meglene Lahov\u010de \u0161e \u010dakajo na sonce.<\/p>\n<p><a href=\"http:\/\/milenacapuder.si\/wp-content\/uploads\/2017\/02\/IMG_5828-Small.jpg\"><img decoding=\"async\" loading=\"lazy\" class=\"aligncenter size-full wp-image-6929\" src=\"http:\/\/milenacapuder.si\/wp-content\/uploads\/2017\/02\/IMG_5828-Small.jpg\" alt=\"\" width=\"480\" height=\"720\" srcset=\"https:\/\/milenacapuder.si\/wp-content\/uploads\/2017\/02\/IMG_5828-Small.jpg 480w, https:\/\/milenacapuder.si\/wp-content\/uploads\/2017\/02\/IMG_5828-Small-200x300.jpg 200w\" sizes=\"(max-width: 480px) 100vw, 480px\" \/><\/a><\/p>\n<p><a href=\"http:\/\/milenacapuder.si\/wp-content\/uploads\/2017\/02\/IMG_5831-Small.jpg\"><img decoding=\"async\" loading=\"lazy\" class=\"aligncenter size-full wp-image-6930\" src=\"http:\/\/milenacapuder.si\/wp-content\/uploads\/2017\/02\/IMG_5831-Small.jpg\" alt=\"\" width=\"720\" height=\"480\" srcset=\"https:\/\/milenacapuder.si\/wp-content\/uploads\/2017\/02\/IMG_5831-Small.jpg 720w, https:\/\/milenacapuder.si\/wp-content\/uploads\/2017\/02\/IMG_5831-Small-300x200.jpg 300w\" sizes=\"(max-width: 720px) 100vw, 720px\" \/><\/a><\/p>\n<p style=\"text-align: center;\">Jutro v Zalogu.<\/p>\n<p><img decoding=\"async\" loading=\"lazy\" class=\"aligncenter size-full wp-image-6928\" src=\"http:\/\/milenacapuder.si\/wp-content\/uploads\/2017\/02\/IMG_5823-Small.jpg\" alt=\"\" width=\"480\" height=\"720\" srcset=\"https:\/\/milenacapuder.si\/wp-content\/uploads\/2017\/02\/IMG_5823-Small.jpg 480w, https:\/\/milenacapuder.si\/wp-content\/uploads\/2017\/02\/IMG_5823-Small-200x300.jpg 200w\" sizes=\"(max-width: 480px) 100vw, 480px\" \/><\/p>\n<p><a href=\"http:\/\/milenacapuder.si\/wp-content\/uploads\/2017\/02\/IMG_5832-Small.jpg\"><img decoding=\"async\" loading=\"lazy\" class=\"aligncenter size-full wp-image-6931\" src=\"http:\/\/milenacapuder.si\/wp-content\/uploads\/2017\/02\/IMG_5832-Small.jpg\" alt=\"\" width=\"720\" height=\"480\" srcset=\"https:\/\/milenacapuder.si\/wp-content\/uploads\/2017\/02\/IMG_5832-Small.jpg 720w, https:\/\/milenacapuder.si\/wp-content\/uploads\/2017\/02\/IMG_5832-Small-300x200.jpg 300w\" sizes=\"(max-width: 720px) 100vw, 720px\" \/><\/a> <a href=\"http:\/\/milenacapuder.si\/wp-content\/uploads\/2017\/02\/IMG_5836-Small.jpg\"><br \/>\n<\/a> <a href=\"http:\/\/milenacapuder.si\/wp-content\/uploads\/2017\/02\/IMG_5839-Small.jpg\"><img decoding=\"async\" loading=\"lazy\" class=\"aligncenter size-full wp-image-6933\" src=\"http:\/\/milenacapuder.si\/wp-content\/uploads\/2017\/02\/IMG_5839-Small.jpg\" alt=\"\" width=\"720\" height=\"480\" srcset=\"https:\/\/milenacapuder.si\/wp-content\/uploads\/2017\/02\/IMG_5839-Small.jpg 720w, https:\/\/milenacapuder.si\/wp-content\/uploads\/2017\/02\/IMG_5839-Small-300x200.jpg 300w\" sizes=\"(max-width: 720px) 100vw, 720px\" \/><\/a><\/p>\n<p style=\"text-align: center;\">V ozadju Velika Planina.<\/p>\n<p><a href=\"http:\/\/milenacapuder.si\/wp-content\/uploads\/2017\/02\/IMG_5840-Small.jpg\"><img decoding=\"async\" loading=\"lazy\" class=\"aligncenter size-full wp-image-6934\" src=\"http:\/\/milenacapuder.si\/wp-content\/uploads\/2017\/02\/IMG_5840-Small.jpg\" alt=\"\" width=\"720\" height=\"480\" srcset=\"https:\/\/milenacapuder.si\/wp-content\/uploads\/2017\/02\/IMG_5840-Small.jpg 720w, https:\/\/milenacapuder.si\/wp-content\/uploads\/2017\/02\/IMG_5840-Small-300x200.jpg 300w\" sizes=\"(max-width: 720px) 100vw, 720px\" \/><\/a><\/p>\n<p style=\"text-align: center;\">\u0160entur\u0161ka gora, v ozadju pa Kamni\u0161ki vrh.<\/p>\n<p><a href=\"http:\/\/milenacapuder.si\/wp-content\/uploads\/2017\/02\/IMG_5841-Small.jpg\"><img decoding=\"async\" loading=\"lazy\" class=\"aligncenter size-full wp-image-6935\" src=\"http:\/\/milenacapuder.si\/wp-content\/uploads\/2017\/02\/IMG_5841-Small.jpg\" alt=\"\" width=\"720\" height=\"480\" srcset=\"https:\/\/milenacapuder.si\/wp-content\/uploads\/2017\/02\/IMG_5841-Small.jpg 720w, https:\/\/milenacapuder.si\/wp-content\/uploads\/2017\/02\/IMG_5841-Small-300x200.jpg 300w\" sizes=\"(max-width: 720px) 100vw, 720px\" \/><\/a><\/p>\n<p style=\"text-align: center;\">Krvavec, ko se je \u0161e srame\u017eljivo skrival pred lepim dnevom. <a href=\"http:\/\/milenacapuder.si\/wp-content\/uploads\/2017\/02\/IMG_5843-Small.jpg\"><br \/>\n<\/a> <a href=\"http:\/\/milenacapuder.si\/wp-content\/uploads\/2017\/02\/IMG_5847-Small.jpg\"><br \/>\n<\/a> <a href=\"http:\/\/milenacapuder.si\/wp-content\/uploads\/2017\/02\/IMG_5849-Small.jpg\"><img decoding=\"async\" loading=\"lazy\" class=\"aligncenter size-full wp-image-6938\" src=\"http:\/\/milenacapuder.si\/wp-content\/uploads\/2017\/02\/IMG_5849-Small.jpg\" alt=\"\" width=\"720\" height=\"480\" srcset=\"https:\/\/milenacapuder.si\/wp-content\/uploads\/2017\/02\/IMG_5849-Small.jpg 720w, https:\/\/milenacapuder.si\/wp-content\/uploads\/2017\/02\/IMG_5849-Small-300x200.jpg 300w\" sizes=\"(max-width: 720px) 100vw, 720px\" \/><\/a><\/p>\n<p style=\"text-align: center;\">Grad pod Krvavcem.<\/p>\n<p><a href=\"http:\/\/milenacapuder.si\/wp-content\/uploads\/2017\/02\/IMG_5836-Small.jpg\"><img decoding=\"async\" loading=\"lazy\" class=\"aligncenter size-full wp-image-6932\" src=\"http:\/\/milenacapuder.si\/wp-content\/uploads\/2017\/02\/IMG_5836-Small.jpg\" alt=\"\" width=\"480\" height=\"720\" srcset=\"https:\/\/milenacapuder.si\/wp-content\/uploads\/2017\/02\/IMG_5836-Small.jpg 480w, https:\/\/milenacapuder.si\/wp-content\/uploads\/2017\/02\/IMG_5836-Small-200x300.jpg 200w\" sizes=\"(max-width: 480px) 100vw, 480px\" \/><\/a><a href=\"http:\/\/milenacapuder.si\/wp-content\/uploads\/2017\/02\/IMG_5817-Small-1.jpg\"><br \/>\n<\/a> <a href=\"http:\/\/milenacapuder.si\/wp-content\/uploads\/2017\/02\/IMG_5850-Small.jpg\"><img decoding=\"async\" loading=\"lazy\" class=\"aligncenter size-full wp-image-6939\" src=\"http:\/\/milenacapuder.si\/wp-content\/uploads\/2017\/02\/IMG_5850-Small.jpg\" alt=\"\" width=\"720\" height=\"480\" srcset=\"https:\/\/milenacapuder.si\/wp-content\/uploads\/2017\/02\/IMG_5850-Small.jpg 720w, https:\/\/milenacapuder.si\/wp-content\/uploads\/2017\/02\/IMG_5850-Small-300x200.jpg 300w\" sizes=\"(max-width: 720px) 100vw, 720px\" \/><\/a><\/p>\n<p style=\"text-align: center;\">Krvavec vabi!<\/p>\n","protected":false},"excerpt":{"rendered":"<p>Upam, da je bilo to zadnje sne\u017eeno jutro v tej zimi. \u00a0Res je prijetno v petek zve\u010der gledati \u010dez okno in opazovati ples sne\u017eink in se zjutraj prebuditi v belo odejo odeto okolico. Lepa je bela narava, a samo \u0161e nekaj ur. Sonce je mo\u010dnej\u0161e in tega smo \u0161e bolj veseli kot snega. Pri\u010dakujemo \u00a0zelenje&#8230;&#8230; [&hellip;]<\/p>\n","protected":false},"author":1,"featured_media":6925,"comment_status":"closed","ping_status":"closed","sticky":false,"template":"","format":"standard","meta":[],"categories":[6,1],"tags":[],"_links":{"self":[{"href":"https:\/\/milenacapuder.si\/index.php?rest_route=\/wp\/v2\/posts\/6922"}],"collection":[{"href":"https:\/\/milenacapuder.si\/index.php?rest_route=\/wp\/v2\/posts"}],"about":[{"href":"https:\/\/milenacapuder.si\/index.php?rest_route=\/wp\/v2\/types\/post"}],"author":[{"embeddable":true,"href":"https:\/\/milenacapuder.si\/index.php?rest_route=\/wp\/v2\/users\/1"}],"replies":[{"embeddable":true,"href":"https:\/\/milenacapuder.si\/index.php?rest_route=%2Fwp%2Fv2%2Fcomments&post=6922"}],"version-history":[{"count":3,"href":"https:\/\/milenacapuder.si\/index.php?rest_route=\/wp\/v2\/posts\/6922\/revisions"}],"predecessor-version":[{"id":6977,"href":"https:\/\/milenacapuder.si\/index.php?rest_route=\/wp\/v2\/posts\/6922\/revisions\/6977"}],"wp:featuredmedia":[{"embeddable":true,"href":"https:\/\/milenacapuder.si\/index.php?rest_route=\/wp\/v2\/media\/6925"}],"wp:attachment":[{"href":"https:\/\/milenacapuder.si\/index.php?rest_route=%2Fwp%2Fv2%2Fmedia&parent=6922"}],"wp:term":[{"taxonomy":"category","embeddable":true,"href":"https:\/\/milenacapuder.si\/index.php?rest_route=%2Fwp%2Fv2%2Fcategories&post=6922"},{"taxonomy":"post_tag","embeddable":true,"href":"https:\/\/milenacapuder.si\/index.php?rest_route=%2Fwp%2Fv2%2Ftags&post=6922"}],"curies":[{"name":"wp","href":"https:\/\/api.w.org\/{rel}","templated":true}]}}