{"id":8340,"date":"2017-08-24T19:07:16","date_gmt":"2017-08-24T19:07:16","guid":{"rendered":"http:\/\/milenacapuder.si\/?p=8340"},"modified":"2017-08-26T13:36:29","modified_gmt":"2017-08-26T13:36:29","slug":"dolomiti-iv","status":"publish","type":"post","link":"https:\/\/milenacapuder.si\/?p=8340","title":{"rendered":"Dolomiti IV."},"content":{"rendered":"<p style=\"text-align: center;\">Lep izlet &#8211; kro\u017ena pot po dolinicah, gorah, gozdovih, mestih. \u00a0Za\u010dela sva v Vilpianu, kjer sva bila nastanjena in zve\u010der tam tudi kon\u010dala. Vmes pa gozdovi kot v pravljicah,gore kot narisane, jezera, ki ti jemljejo dih, mesteca, kjer bi najraje obstal,&#8230;.<\/p>\n<p style=\"text-align: center;\"><a href=\"http:\/\/milenacapuder.si\/wp-content\/uploads\/2017\/08\/IMG_0550-Small-1.jpg\"><img decoding=\"async\" loading=\"lazy\" class=\"aligncenter size-full wp-image-8417\" src=\"http:\/\/milenacapuder.si\/wp-content\/uploads\/2017\/08\/IMG_0550-Small-1.jpg\" alt=\"\" width=\"645\" height=\"335\" srcset=\"https:\/\/milenacapuder.si\/wp-content\/uploads\/2017\/08\/IMG_0550-Small-1.jpg 645w, https:\/\/milenacapuder.si\/wp-content\/uploads\/2017\/08\/IMG_0550-Small-1-300x156.jpg 300w\" sizes=\"(max-width: 645px) 100vw, 645px\" \/><\/a><\/p>\n<p style=\"text-align: center;\">Iz Moene sva nadaljevala pot \u010dez Karerpass,<\/p>\n<p><a href=\"http:\/\/milenacapuder.si\/wp-content\/uploads\/2017\/08\/IMG_0722-Small.jpg\"><img decoding=\"async\" loading=\"lazy\" class=\"aligncenter size-full wp-image-8427\" src=\"http:\/\/milenacapuder.si\/wp-content\/uploads\/2017\/08\/IMG_0722-Small.jpg\" alt=\"\" width=\"612\" height=\"413\" srcset=\"https:\/\/milenacapuder.si\/wp-content\/uploads\/2017\/08\/IMG_0722-Small.jpg 612w, https:\/\/milenacapuder.si\/wp-content\/uploads\/2017\/08\/IMG_0722-Small-300x202.jpg 300w\" sizes=\"(max-width: 612px) 100vw, 612px\" \/><\/a><\/p>\n<p><a href=\"http:\/\/milenacapuder.si\/wp-content\/uploads\/2017\/08\/IMG_0587-Small-1.jpg\"><img decoding=\"async\" loading=\"lazy\" class=\"aligncenter size-large wp-image-8422\" src=\"http:\/\/milenacapuder.si\/wp-content\/uploads\/2017\/08\/IMG_0587-Small-1.jpg\" alt=\"\" width=\"720\" height=\"480\" srcset=\"https:\/\/milenacapuder.si\/wp-content\/uploads\/2017\/08\/IMG_0587-Small-1.jpg 720w, https:\/\/milenacapuder.si\/wp-content\/uploads\/2017\/08\/IMG_0587-Small-1-300x200.jpg 300w\" sizes=\"(max-width: 720px) 100vw, 720px\" \/><\/a><\/p>\n<p style=\"text-align: center;\"><a href=\"http:\/\/milenacapuder.si\/wp-content\/uploads\/2017\/08\/IMG_0565-Small.jpg\"><img decoding=\"async\" loading=\"lazy\" class=\"aligncenter size-full wp-image-8419\" src=\"http:\/\/milenacapuder.si\/wp-content\/uploads\/2017\/08\/IMG_0565-Small.jpg\" alt=\"\" width=\"720\" height=\"463\" srcset=\"https:\/\/milenacapuder.si\/wp-content\/uploads\/2017\/08\/IMG_0565-Small.jpg 720w, https:\/\/milenacapuder.si\/wp-content\/uploads\/2017\/08\/IMG_0565-Small-300x193.jpg 300w\" sizes=\"(max-width: 720px) 100vw, 720px\" \/><\/a><\/p>\n<p style=\"text-align: center;\">Majhno gorsko jezero z zna\u010dilno \u00a0zeleno barvo.\u00a0Sredi poletne vro\u010dine te ohladi \u017ee pogled na to naravno znamenitost.<\/p>\n<p style=\"text-align: center;\"><a href=\"http:\/\/milenacapuder.si\/wp-content\/uploads\/2017\/08\/IMG_0578-Small-1.jpg\"><img decoding=\"async\" loading=\"lazy\" class=\"aligncenter size-large wp-image-8421\" src=\"http:\/\/milenacapuder.si\/wp-content\/uploads\/2017\/08\/IMG_0578-Small-1.jpg\" alt=\"\" width=\"720\" height=\"480\" srcset=\"https:\/\/milenacapuder.si\/wp-content\/uploads\/2017\/08\/IMG_0578-Small-1.jpg 720w, https:\/\/milenacapuder.si\/wp-content\/uploads\/2017\/08\/IMG_0578-Small-1-300x200.jpg 300w\" sizes=\"(max-width: 720px) 100vw, 720px\" \/><\/a><\/p>\n<p style=\"text-align: center;\"><a href=\"http:\/\/milenacapuder.si\/wp-content\/uploads\/2017\/08\/IMG_0589-Small-1.jpg\"><img decoding=\"async\" loading=\"lazy\" class=\"aligncenter size-large wp-image-8423\" src=\"http:\/\/milenacapuder.si\/wp-content\/uploads\/2017\/08\/IMG_0589-Small-1.jpg\" alt=\"\" width=\"720\" height=\"480\" srcset=\"https:\/\/milenacapuder.si\/wp-content\/uploads\/2017\/08\/IMG_0589-Small-1.jpg 720w, https:\/\/milenacapuder.si\/wp-content\/uploads\/2017\/08\/IMG_0589-Small-1-300x200.jpg 300w\" sizes=\"(max-width: 720px) 100vw, 720px\" \/><\/a><\/p>\n<p style=\"text-align: center;\">vse do Caresse in njegovega jezera. \u00a0 \u010cudovito Lago di Carezza!<\/p>\n<p style=\"text-align: center;\"><a href=\"http:\/\/milenacapuder.si\/wp-content\/uploads\/2017\/08\/IMG_0568-Small-1.jpg\"><img decoding=\"async\" loading=\"lazy\" class=\"aligncenter size-large wp-image-8420\" src=\"http:\/\/milenacapuder.si\/wp-content\/uploads\/2017\/08\/IMG_0568-Small-1.jpg\" alt=\"\" width=\"320\" height=\"480\" srcset=\"https:\/\/milenacapuder.si\/wp-content\/uploads\/2017\/08\/IMG_0568-Small-1.jpg 320w, https:\/\/milenacapuder.si\/wp-content\/uploads\/2017\/08\/IMG_0568-Small-1-200x300.jpg 200w\" sizes=\"(max-width: 320px) 100vw, 320px\" \/><\/a><\/p>\n<p style=\"text-align: center;\">Bakreni kip \u017eenske, ki se kopa v vseh letnih \u010dasih.<\/p>\n<p style=\"text-align: center;\"><a href=\"http:\/\/milenacapuder.si\/wp-content\/uploads\/2017\/08\/IMG_0629-Small-1.jpg\"><img decoding=\"async\" loading=\"lazy\" class=\"aligncenter size-large wp-image-8424\" src=\"http:\/\/milenacapuder.si\/wp-content\/uploads\/2017\/08\/IMG_0629-Small-1.jpg\" alt=\"\" width=\"415\" height=\"652\" srcset=\"https:\/\/milenacapuder.si\/wp-content\/uploads\/2017\/08\/IMG_0629-Small-1.jpg 415w, https:\/\/milenacapuder.si\/wp-content\/uploads\/2017\/08\/IMG_0629-Small-1-191x300.jpg 191w\" sizes=\"(max-width: 415px) 100vw, 415px\" \/><\/a><\/p>\n<p style=\"text-align: center;\"><a href=\"http:\/\/milenacapuder.si\/wp-content\/uploads\/2017\/08\/rzetz.jpg\"><img decoding=\"async\" loading=\"lazy\" class=\"aligncenter size-large wp-image-8429\" src=\"http:\/\/milenacapuder.si\/wp-content\/uploads\/2017\/08\/rzetz-1024x789.jpg\" alt=\"\" width=\"789\" height=\"608\" srcset=\"https:\/\/milenacapuder.si\/wp-content\/uploads\/2017\/08\/rzetz-1024x789.jpg 1024w, https:\/\/milenacapuder.si\/wp-content\/uploads\/2017\/08\/rzetz-300x231.jpg 300w, https:\/\/milenacapuder.si\/wp-content\/uploads\/2017\/08\/rzetz-768x592.jpg 768w\" sizes=\"(max-width: 789px) 100vw, 789px\" \/><\/a><\/p>\n<p style=\"text-align: center;\">\u0160e ogled Bolzana, najtoplej\u0161ega mesta v Evropi.V ni\u010demer ni podoben tipi\u010dnemu italijanskemu mestu. \u00a0Ulice so ozke, pisane, polne trgovinic in gostinskih lokalov. Po zakonu so jim prepovedali graditi nakupovalna sredi\u0161\u010da in s tem dosegli, da je \u00a0v starem delu mesta in centru vedno \u017eivahno &#8211; polno ljudi.<\/p>\n<p style=\"text-align: center;\"><a href=\"http:\/\/milenacapuder.si\/wp-content\/uploads\/2017\/08\/IMG_0661-Small.jpg\"><img decoding=\"async\" loading=\"lazy\" class=\"aligncenter size-full wp-image-8387\" src=\"http:\/\/milenacapuder.si\/wp-content\/uploads\/2017\/08\/IMG_0661-Small.jpg\" alt=\"\" width=\"480\" height=\"720\" srcset=\"https:\/\/milenacapuder.si\/wp-content\/uploads\/2017\/08\/IMG_0661-Small.jpg 480w, https:\/\/milenacapuder.si\/wp-content\/uploads\/2017\/08\/IMG_0661-Small-200x300.jpg 200w\" sizes=\"(max-width: 480px) 100vw, 480px\" \/><\/a><\/p>\n<p style=\"text-align: center;\"><a href=\"http:\/\/milenacapuder.si\/wp-content\/uploads\/2017\/08\/IMG_0632-Small-1.jpg\"><img decoding=\"async\" loading=\"lazy\" class=\"aligncenter size-large wp-image-8425\" src=\"http:\/\/milenacapuder.si\/wp-content\/uploads\/2017\/08\/IMG_0632-Small-1.jpg\" alt=\"\" width=\"442\" height=\"656\" srcset=\"https:\/\/milenacapuder.si\/wp-content\/uploads\/2017\/08\/IMG_0632-Small-1.jpg 442w, https:\/\/milenacapuder.si\/wp-content\/uploads\/2017\/08\/IMG_0632-Small-1-202x300.jpg 202w\" sizes=\"(max-width: 442px) 100vw, 442px\" \/><\/a><\/p>\n<p style=\"text-align: center;\"><a href=\"http:\/\/milenacapuder.si\/wp-content\/uploads\/2017\/08\/nhnjuhn.jpg\"><img decoding=\"async\" loading=\"lazy\" class=\"aligncenter size-large wp-image-8428\" src=\"http:\/\/milenacapuder.si\/wp-content\/uploads\/2017\/08\/nhnjuhn-1024x303.jpg\" alt=\"\" width=\"789\" height=\"233\" srcset=\"https:\/\/milenacapuder.si\/wp-content\/uploads\/2017\/08\/nhnjuhn-1024x303.jpg 1024w, https:\/\/milenacapuder.si\/wp-content\/uploads\/2017\/08\/nhnjuhn-300x89.jpg 300w, https:\/\/milenacapuder.si\/wp-content\/uploads\/2017\/08\/nhnjuhn-768x227.jpg 768w\" sizes=\"(max-width: 789px) 100vw, 789px\" \/><\/a><\/p>\n<p style=\"text-align: center;\">Polno lokalne zelenjave, sadja in pija\u010d&#8230;. Jur\u010dkov \u017eal ni bilo.<\/p>\n<p style=\"text-align: center;\"><a href=\"http:\/\/milenacapuder.si\/wp-content\/uploads\/2017\/08\/IMG_0654-Small-1.jpg\"><img decoding=\"async\" loading=\"lazy\" class=\"aligncenter size-large wp-image-8426\" src=\"http:\/\/milenacapuder.si\/wp-content\/uploads\/2017\/08\/IMG_0654-Small-1.jpg\" alt=\"\" width=\"702\" height=\"468\" srcset=\"https:\/\/milenacapuder.si\/wp-content\/uploads\/2017\/08\/IMG_0654-Small-1.jpg 702w, https:\/\/milenacapuder.si\/wp-content\/uploads\/2017\/08\/IMG_0654-Small-1-300x200.jpg 300w\" sizes=\"(max-width: 702px) 100vw, 702px\" \/><\/a><\/p>\n<p style=\"text-align: center;\">Simpati\u010dne plesalke v izlo\u017ebenem oknu<\/p>\n<p style=\"text-align: center;\"><a href=\"http:\/\/milenacapuder.si\/wp-content\/uploads\/2017\/08\/IMG_0665-Small.jpg\"><img decoding=\"async\" loading=\"lazy\" class=\"aligncenter size-full wp-image-8354\" src=\"http:\/\/milenacapuder.si\/wp-content\/uploads\/2017\/08\/IMG_0665-Small.jpg\" alt=\"\" width=\"480\" height=\"720\" srcset=\"https:\/\/milenacapuder.si\/wp-content\/uploads\/2017\/08\/IMG_0665-Small.jpg 480w, https:\/\/milenacapuder.si\/wp-content\/uploads\/2017\/08\/IMG_0665-Small-200x300.jpg 200w\" sizes=\"(max-width: 480px) 100vw, 480px\" \/><\/a><\/p>\n<p style=\"text-align: center;\"><a href=\"http:\/\/milenacapuder.si\/wp-content\/uploads\/2017\/08\/IMG_0668-Small.jpg\"><img decoding=\"async\" loading=\"lazy\" class=\"aligncenter size-full wp-image-8355\" src=\"http:\/\/milenacapuder.si\/wp-content\/uploads\/2017\/08\/IMG_0668-Small.jpg\" alt=\"\" width=\"480\" height=\"720\" srcset=\"https:\/\/milenacapuder.si\/wp-content\/uploads\/2017\/08\/IMG_0668-Small.jpg 480w, https:\/\/milenacapuder.si\/wp-content\/uploads\/2017\/08\/IMG_0668-Small-200x300.jpg 200w\" sizes=\"(max-width: 480px) 100vw, 480px\" \/><\/a><\/p>\n<p style=\"text-align: center;\"><a href=\"http:\/\/milenacapuder.si\/wp-content\/uploads\/2017\/08\/rfghj.jpg\"><img decoding=\"async\" loading=\"lazy\" class=\"aligncenter size-large wp-image-8430\" src=\"http:\/\/milenacapuder.si\/wp-content\/uploads\/2017\/08\/rfghj-1024x723.jpg\" alt=\"\" width=\"789\" height=\"557\" srcset=\"https:\/\/milenacapuder.si\/wp-content\/uploads\/2017\/08\/rfghj-1024x723.jpg 1024w, https:\/\/milenacapuder.si\/wp-content\/uploads\/2017\/08\/rfghj-300x212.jpg 300w, https:\/\/milenacapuder.si\/wp-content\/uploads\/2017\/08\/rfghj-768x542.jpg 768w\" sizes=\"(max-width: 789px) 100vw, 789px\" \/><\/a><\/p>\n<p style=\"text-align: center;\">Zaradi ugodne klime je to pokrajina sadovnjakov.<br \/>\n40 % vseh jabolk, ki jih pojemo v Evropi je iz teh krajev.<\/p>\n<p style=\"text-align: center;\"><a href=\"http:\/\/milenacapuder.si\/wp-content\/uploads\/2017\/08\/IMG_0699-Small.jpg\"><img decoding=\"async\" loading=\"lazy\" class=\"aligncenter size-full wp-image-8358\" src=\"http:\/\/milenacapuder.si\/wp-content\/uploads\/2017\/08\/IMG_0699-Small.jpg\" alt=\"\" width=\"720\" height=\"480\" srcset=\"https:\/\/milenacapuder.si\/wp-content\/uploads\/2017\/08\/IMG_0699-Small.jpg 720w, https:\/\/milenacapuder.si\/wp-content\/uploads\/2017\/08\/IMG_0699-Small-300x200.jpg 300w\" sizes=\"(max-width: 720px) 100vw, 720px\" \/><\/a><\/p>\n<p style=\"text-align: center;\">Lep ob\u010dutek je, ko se zjutraj zbudi\u0161 , stopi\u0161 iz hi\u0161e in si takoj v sadovnjaku. To je v Trentinu zelo pogost pojav.<\/p>\n","protected":false},"excerpt":{"rendered":"<p>Lep izlet &#8211; kro\u017ena pot po dolinicah, gorah, gozdovih, mestih. \u00a0Za\u010dela sva v Vilpianu, kjer sva bila nastanjena in zve\u010der tam tudi kon\u010dala. Vmes pa gozdovi kot v pravljicah,gore kot narisane, jezera, ki ti jemljejo dih, mesteca, kjer bi najraje obstal,&#8230;. Iz Moene sva nadaljevala pot \u010dez Karerpass, Majhno gorsko jezero z zna\u010dilno \u00a0zeleno barvo.\u00a0Sredi [&hellip;]<\/p>\n","protected":false},"author":1,"featured_media":8343,"comment_status":"closed","ping_status":"closed","sticky":false,"template":"","format":"standard","meta":[],"categories":[3],"tags":[],"_links":{"self":[{"href":"https:\/\/milenacapuder.si\/index.php?rest_route=\/wp\/v2\/posts\/8340"}],"collection":[{"href":"https:\/\/milenacapuder.si\/index.php?rest_route=\/wp\/v2\/posts"}],"about":[{"href":"https:\/\/milenacapuder.si\/index.php?rest_route=\/wp\/v2\/types\/post"}],"author":[{"embeddable":true,"href":"https:\/\/milenacapuder.si\/index.php?rest_route=\/wp\/v2\/users\/1"}],"replies":[{"embeddable":true,"href":"https:\/\/milenacapuder.si\/index.php?rest_route=%2Fwp%2Fv2%2Fcomments&post=8340"}],"version-history":[{"count":7,"href":"https:\/\/milenacapuder.si\/index.php?rest_route=\/wp\/v2\/posts\/8340\/revisions"}],"predecessor-version":[{"id":8434,"href":"https:\/\/milenacapuder.si\/index.php?rest_route=\/wp\/v2\/posts\/8340\/revisions\/8434"}],"wp:featuredmedia":[{"embeddable":true,"href":"https:\/\/milenacapuder.si\/index.php?rest_route=\/wp\/v2\/media\/8343"}],"wp:attachment":[{"href":"https:\/\/milenacapuder.si\/index.php?rest_route=%2Fwp%2Fv2%2Fmedia&parent=8340"}],"wp:term":[{"taxonomy":"category","embeddable":true,"href":"https:\/\/milenacapuder.si\/index.php?rest_route=%2Fwp%2Fv2%2Fcategories&post=8340"},{"taxonomy":"post_tag","embeddable":true,"href":"https:\/\/milenacapuder.si\/index.php?rest_route=%2Fwp%2Fv2%2Ftags&post=8340"}],"curies":[{"name":"wp","href":"https:\/\/api.w.org\/{rel}","templated":true}]}}